{"id":114,"date":"2019-01-21T10:49:18","date_gmt":"2019-01-21T09:49:18","guid":{"rendered":"https:\/\/hellonorvegia.devengo.hu\/?p=114"},"modified":"2019-01-27T18:33:36","modified_gmt":"2019-01-27T17:33:36","slug":"off-most-mar-tudom","status":"publish","type":"post","link":"https:\/\/hellonorvegia.devengo.hu\/?p=114","title":{"rendered":"OFF-Most m\u00e1r tudom"},"content":{"rendered":"\n<p>Egy kicsit off leszek, mert ez a bejegyz\u00e9s nem teljesen az itteni \u00e9let\u00fcnkkel kapcsolatos.<br><\/p>\n\n\n\n<p>Van egy t\u00e9ma, amir\u0151l nem akartam \u00edrni, de \u00e9reztem, mikor itthon voltam, hogy m\u00e1sok pr\u00f3b\u00e1lt\u00e1k feszegetni, vagy \u201ckedves\u201d k\u00e9rd\u00e9sekkel utalgatni r\u00e1. Amikor alig n\u00e9gy nappal a k\u00f6lt\u00f6z\u00e9s\u00fcnk ut\u00e1n Apu agyv\u00e9rz\u00e9st kapott megfordult sajnos a fejemben, hogy ez az eg\u00e9sz a k\u00f6lt\u00f6z\u00e9s\u00fcnk miatt t\u00f6rt\u00e9nt-e vele. Annak ellen\u00e9re, hogy a tudatom folyamatosan azt mondta, hogy nem, de m\u00e9gis felmer\u00fclt bennem\u2026 Anyu, meg a tes\u00f3m is r\u00f6gt\u00f6n mondt\u00e1k, hogy nem, \u00e9s eszembe se jusson ilyenre gondolni, de nyilv\u00e1n ilyenkor mindenki keresi mag\u00e1ban is hib\u00e1t, hogy mi okozhatta.<\/p>\n\n\n\n<p>Sz\u00f3val a v\u00e1laszom a k\u00e9rd\u00e9sre, amit senki nem mert nekem ny\u00edltan feltenni, csak \u201cj\u00f3indulat\u00faan\u201d utalt r\u00e1: <\/p>\n\n\n\n<p>Apu \u00f6r\u00fclt a k\u00f6lt\u00f6z\u00e9s\u00fcnknek. A mi csal\u00e1dunkat l\u00e1tta benn\u00fcnk, amikor gyerek voltam, \u00e9s N\u00e9metorsz\u00e1gba k\u00f6lt\u00f6zt\u00fcnk. Tudta, hogy ez mennyi el\u0151nnyel fog j\u00e1rni a gyerekeknek, \u00e9s nagyon b\u00fcszke volt r\u00e1nk, hogy volt b\u00e1tors\u00e1gunk ezt megl\u00e9pni. Boldogan figyelte Anyuval, hogy merre j\u00e1runk \u00fatk\u00f6zben, hogy milyen hamar berendezt\u00fck a lak\u00e1st. M\u00e1r n\u00e9zte a repjegyeket, hogy mikor j\u00f6nnek ki hozz\u00e1nk. K\u00f6zben, amit nem tudtunk, hogy akkora a v\u00e9rnyom\u00e1sa, m\u00e1r hetek \u00f3ta t\u00fal magas volt. \u00a0Alattomosan k\u00faszott felfel\u00e9 (\u0150 meg nem m\u00e9rte mag\u00e1nak, mert h\u00e1t szedi a v\u00e9rnyom\u00e1scs\u00f6kkent\u0151t, \u00e9s egy\u00e9bk\u00e9nt sem beteg), \u00e9s most m\u00e1r ut\u00f3lag tudjuk, hogy az erei s\u00falyosan meszesek voltak. M\u00e1r csak id\u0151 k\u00e9rd\u00e9se volt, hogy mikor pattan el az egyik \u00e9r. Az eg\u00e9szben az volt a szerencs\u00e9je, hogy aznap d\u00e9lut\u00e1nos lett volna a munkahely\u00e9n, ez\u00e9rt otthon t\u00f6rt\u00e9nt a trag\u00e9dia, \u00e9s m\u00e9g tudott sz\u00f3lni Anyunak, hogy baj van. El\u0151z\u0151 h\u00e9ten cser\u00e9lte  el a m\u0171szakj\u00e1t, hogy le tudjon j\u00f6nni Feh\u00e9rv\u00e1rra elk\u00f6sz\u00f6nni t\u0151l\u00fcnk, k\u00fcl\u00f6nben d\u00e9lel\u0151tt\u00f6s lett volna, \u00e9s vagy a munkahely\u00e9n \u00e9ri vagy az utc\u00e1n\u2026<br><\/p>\n\n\n\n<p>Most, hogy l\u00e1ttam az orvosi pap\u00edrjait, \u00e9s az orvossal is besz\u00e9lt\u00fcnk m\u00e1r tudom, hogy ez egy borzaszt\u00f3 rossz egybees\u00e9s volt, de semmi k\u00f6ze nincs hozz\u00e1, hogy kik\u00f6lt\u00f6zt\u00fcnk. Ez akkor is megt\u00f6rt\u00e9nt volna, ha otthon maradunk. Anyunak igaza volt, \u0150 m\u00e1r az elej\u00e9t\u0151l kezdve ezt mondta nekem. <\/p>\n\n\n\n<h2 class=\"wp-block-heading\"><\/h2>\n\n\n\n<p><\/p>\n\n\n\n<p><br><\/p>\n\n\n\n<p><br><\/p>\n","protected":false},"excerpt":{"rendered":"<p>Egy kicsit off leszek, mert ez a bejegyz\u00e9s nem teljesen az itteni \u00e9let\u00fcnkkel kapcsolatos. Van egy t\u00e9ma, amir\u0151l nem akartam \u00edrni, de \u00e9reztem, mikor itthon voltam, hogy m\u00e1sok pr\u00f3b\u00e1lt\u00e1k feszegetni, vagy \u201ckedves\u201d k\u00e9rd\u00e9sekkel utalgatni r\u00e1. Amikor alig n\u00e9gy nappal a k\u00f6lt\u00f6z\u00e9s\u00fcnk ut\u00e1n Apu agyv\u00e9rz\u00e9st kapott megfordult sajnos a fejemben, hogy ez az eg\u00e9sz a k\u00f6lt\u00f6z\u00e9s\u00fcnk [&hellip;]<\/p>\n","protected":false},"author":2,"featured_media":0,"comment_status":"open","ping_status":"open","sticky":false,"template":"","format":"standard","meta":{"footnotes":""},"categories":[1],"tags":[],"class_list":["post-114","post","type-post","status-publish","format-standard","hentry","category-uncategorized"],"_links":{"self":[{"href":"https:\/\/hellonorvegia.devengo.hu\/index.php?rest_route=\/wp\/v2\/posts\/114","targetHints":{"allow":["GET"]}}],"collection":[{"href":"https:\/\/hellonorvegia.devengo.hu\/index.php?rest_route=\/wp\/v2\/posts"}],"about":[{"href":"https:\/\/hellonorvegia.devengo.hu\/index.php?rest_route=\/wp\/v2\/types\/post"}],"author":[{"embeddable":true,"href":"https:\/\/hellonorvegia.devengo.hu\/index.php?rest_route=\/wp\/v2\/users\/2"}],"replies":[{"embeddable":true,"href":"https:\/\/hellonorvegia.devengo.hu\/index.php?rest_route=%2Fwp%2Fv2%2Fcomments&post=114"}],"version-history":[{"count":3,"href":"https:\/\/hellonorvegia.devengo.hu\/index.php?rest_route=\/wp\/v2\/posts\/114\/revisions"}],"predecessor-version":[{"id":121,"href":"https:\/\/hellonorvegia.devengo.hu\/index.php?rest_route=\/wp\/v2\/posts\/114\/revisions\/121"}],"wp:attachment":[{"href":"https:\/\/hellonorvegia.devengo.hu\/index.php?rest_route=%2Fwp%2Fv2%2Fmedia&parent=114"}],"wp:term":[{"taxonomy":"category","embeddable":true,"href":"https:\/\/hellonorvegia.devengo.hu\/index.php?rest_route=%2Fwp%2Fv2%2Fcategories&post=114"},{"taxonomy":"post_tag","embeddable":true,"href":"https:\/\/hellonorvegia.devengo.hu\/index.php?rest_route=%2Fwp%2Fv2%2Ftags&post=114"}],"curies":[{"name":"wp","href":"https:\/\/api.w.org\/{rel}","templated":true}]}}