{"id":117,"date":"2019-01-26T14:00:02","date_gmt":"2019-01-26T13:00:02","guid":{"rendered":"https:\/\/hellonorvegia.devengo.hu\/?p=117"},"modified":"2019-01-26T14:00:02","modified_gmt":"2019-01-26T13:00:02","slug":"beilleszkedes","status":"publish","type":"post","link":"https:\/\/hellonorvegia.devengo.hu\/?p=117","title":{"rendered":"Beilleszked\u00e9s"},"content":{"rendered":"\n<p>Cs\u00fct\u00f6rt\u00f6k\u00f6n volt a nagy nap, amikor Norm\u00f3 el\u0151sz\u00f6r megl\u00e1togatta a mostani tan\u00edt\u00f3 n\u00e9nij\u00e9vel leend\u0151 iskol\u00e1j\u00e1t, \u00e9s megismerhette az oszt\u00e1ly\u00e1t. F\u00e9l 2-re \u00e1ts\u00e9t\u00e1ltam \u00e9rte, \u00e9s k\u00f6zben teljesen sz\u00e9tizgultam magam, hogy milyen hangulatban fog kij\u00f6nni a sulib\u00f3l. Mikor megl\u00e1tott az els\u0151 szava az volt, hogy nagyon kedvesek a gyerekek. Mindenki \u00e9rdekl\u0151dve figyelte, \u00e9s egy csom\u00f3 k\u00e9rd\u00e9st tettek fel neki. Norm\u00f3 is k\u00e9sz\u00fclt egy kis bemutatkoz\u00f3 lev\u00e9llel, amit a tan\u00edt\u00f3 n\u00e9nije seg\u00edtett meg\u00edrni neki, \u00e9s azt\u00e1n a gyerekeknek felolvasta, akik a v\u00e9g\u00e9n megtapsolt\u00e1k. <\/p>\n\n\n\n<p>R\u00e1ad\u00e1sul pont aznap osztotta ki az egyik kisfi\u00fa a megh\u00edv\u00f3kat a sz\u00fclinapi bulij\u00e1ra, \u00e9s Norm\u00f3nak is adott egyet. Itt am\u00fagy az a szok\u00e1s, hogy ha sz\u00fclinapi partit rendezel, hogy vagy mindenkit megh\u00edvsz vagy a fi\u00fak az \u00f6sszes fi\u00fat az oszt\u00e1lyb\u00f3l vagy a l\u00e1nyok k\u00fcl\u00f6n az \u00f6sszes l\u00e1nyt az oszt\u00e1lyb\u00f3l, hogy senki ne \u00e9rezze mag\u00e1t kirekesztve. Sz\u00f3val ott \u00e1lltunk a megh\u00edv\u00f3val a kez\u00fcnkben, \u00e9s Norm\u00f3 r\u00f6gt\u00f6n kijelentette, hogy \u0150 menne. \u00c9n meg erre, \u201cde m\u00e9g csak most ismerted meg f\u00e9l \u00f3r\u00e1val ezel\u00f6tt, ez nem baj?\u201d Erre Norbi \u201cNem. Hamar \u00f6sszebar\u00e1tkoztunk.\u201d Besz\u00e9ltem a kisfi\u00fa sz\u00fcleivel, \u00e9s persze mondt\u00e1k, hogy v\u00e1rj\u00e1k Norbit szeretettel. &nbsp;\u00dagyhogy ma d\u00e9lut\u00e1n egykor beadtam a kisfiamat egy buliba, \u00e9s fogalmam sincsen, hogy kikhez, csak annyit tudok, hogy egy nagyon kedves ferdeszem\u0171 emberekhez. Majd h\u00e1rom ut\u00e1n mehet\u00fcnk \u00e9rte&#8230; , \u00e9n meg addig is pr\u00f3b\u00e1lom magam lefoglalni. J\u00f6v\u0151 h\u00e9tt\u0151l minden p\u00e9nteken m\u00e1r az itteni k\u00f6rzeti iskol\u00e1ba fog j\u00e1rni, \u00e9s nagyon rem\u00e9lem, hogy min\u00e9l hamarabb \u00e1tker\u00fcl, hogy itt a k\u00f6rny\u00e9ken is legyenek bar\u00e1tai. <br><\/p>\n\n\n\n<p>Pank\u00e1val kapcsolatban j\u00f6v\u0151 h\u00e9ten tudjuk meg, hogy ki lesz az itteni oszt\u00e1lyf\u0151n\u00f6ke, \u00e9s mikor megy megl\u00e1togatni az oszt\u00e1ly\u00e1t.<\/p>\n\n\n\n<p><br><\/p>\n\n\n\n<figure class=\"wp-block-image is-resized\"><img loading=\"lazy\" decoding=\"async\" src=\"https:\/\/hellonorvegia.devengo.hu\/wp-content\/uploads\/2019\/01\/IMG_20190123_192759.jpg\" alt=\"\" class=\"wp-image-118\" width=\"470\" height=\"626\"\/><figcaption>rbt<\/figcaption><\/figure>\n","protected":false},"excerpt":{"rendered":"<p>Cs\u00fct\u00f6rt\u00f6k\u00f6n volt a nagy nap, amikor Norm\u00f3 el\u0151sz\u00f6r megl\u00e1togatta a mostani tan\u00edt\u00f3 n\u00e9nij\u00e9vel leend\u0151 iskol\u00e1j\u00e1t, \u00e9s megismerhette az oszt\u00e1ly\u00e1t. F\u00e9l 2-re \u00e1ts\u00e9t\u00e1ltam \u00e9rte, \u00e9s k\u00f6zben teljesen sz\u00e9tizgultam magam, hogy milyen hangulatban fog kij\u00f6nni a sulib\u00f3l. Mikor megl\u00e1tott az els\u0151 szava az volt, hogy nagyon kedvesek a gyerekek. Mindenki \u00e9rdekl\u0151dve figyelte, \u00e9s egy csom\u00f3 k\u00e9rd\u00e9st tettek [&hellip;]<\/p>\n","protected":false},"author":2,"featured_media":0,"comment_status":"open","ping_status":"open","sticky":false,"template":"","format":"standard","meta":{"footnotes":""},"categories":[1],"tags":[],"class_list":["post-117","post","type-post","status-publish","format-standard","hentry","category-uncategorized"],"_links":{"self":[{"href":"https:\/\/hellonorvegia.devengo.hu\/index.php?rest_route=\/wp\/v2\/posts\/117","targetHints":{"allow":["GET"]}}],"collection":[{"href":"https:\/\/hellonorvegia.devengo.hu\/index.php?rest_route=\/wp\/v2\/posts"}],"about":[{"href":"https:\/\/hellonorvegia.devengo.hu\/index.php?rest_route=\/wp\/v2\/types\/post"}],"author":[{"embeddable":true,"href":"https:\/\/hellonorvegia.devengo.hu\/index.php?rest_route=\/wp\/v2\/users\/2"}],"replies":[{"embeddable":true,"href":"https:\/\/hellonorvegia.devengo.hu\/index.php?rest_route=%2Fwp%2Fv2%2Fcomments&post=117"}],"version-history":[{"count":1,"href":"https:\/\/hellonorvegia.devengo.hu\/index.php?rest_route=\/wp\/v2\/posts\/117\/revisions"}],"predecessor-version":[{"id":119,"href":"https:\/\/hellonorvegia.devengo.hu\/index.php?rest_route=\/wp\/v2\/posts\/117\/revisions\/119"}],"wp:attachment":[{"href":"https:\/\/hellonorvegia.devengo.hu\/index.php?rest_route=%2Fwp%2Fv2%2Fmedia&parent=117"}],"wp:term":[{"taxonomy":"category","embeddable":true,"href":"https:\/\/hellonorvegia.devengo.hu\/index.php?rest_route=%2Fwp%2Fv2%2Fcategories&post=117"},{"taxonomy":"post_tag","embeddable":true,"href":"https:\/\/hellonorvegia.devengo.hu\/index.php?rest_route=%2Fwp%2Fv2%2Ftags&post=117"}],"curies":[{"name":"wp","href":"https:\/\/api.w.org\/{rel}","templated":true}]}}