{"id":130,"date":"2019-02-03T21:20:34","date_gmt":"2019-02-03T20:20:34","guid":{"rendered":"https:\/\/hellonorvegia.devengo.hu\/?p=130"},"modified":"2019-02-03T21:20:34","modified_gmt":"2019-02-03T20:20:34","slug":"hetvegi-verseny","status":"publish","type":"post","link":"https:\/\/hellonorvegia.devengo.hu\/?p=130","title":{"rendered":"H\u00e9tv\u00e9gi verseny"},"content":{"rendered":"\n<p>Szombat reggel\u00fcnk j\u00f3 kis kapkod\u00e1ssal telt, mire r\u00e1j\u00f6ttem, hogy Panka szinkron\u00fasz\u00f3 verseny\u00e9re nem 13.30-ra kell oda\u00e9rni, hanem 12.30-ra. \u00cdgy siker\u00fclt negyed 1-kor, szakad\u00f3 h\u00f3es\u00e9sben elindulnunk, \u00e9s negyed 2-re beesni az uszod\u00e1ba. Maga a verseny 3-kor kezd\u0151d\u00f6tt, de el\u0151tte volt bemeleg\u00edt\u00e9s, egy utols\u00f3 pr\u00f3ba a v\u00edzben. &nbsp;Sz\u00f3val meg\u00e9rkezt\u00fcnk, Pank\u00e1val kiugrottunk a kocsib\u00f3l, \u00e9s rohantunk be az \u00f6lt\u00f6z\u0151be. \u00c9pp, hogy \u00e1t\u00f6lt\u00f6z\u00f6tt, \u00e9s ut\u00e1na m\u00e1r ugott is be a v\u00edzbe egy utols\u00f3 pr\u00f3b\u00e1ra a verseny el\u0151tt. Am\u00edg nem kezd\u0151d\u00f6tt el a verseny addig Jana Norm\u00f3val p\u00f6rg\u00f6tt kint a h\u00f3ban, meg bej\u00e1rt\u00e1k egy kicsit a v\u00e1rost. <\/p>\n\n\n\n<p>A verseny v\u00e9g\u00e9n kider\u00fclt, hogy a Pank\u00e1\u00e9k a saj\u00e1t kateg\u00f3ri\u00e1jukban egyed\u00fcl voltak, ez\u00e9rt nem nyertek \u00e9rmet. De nek\u00fcnk ez mindegy volt. A l\u00e9nyeg, hogy sz\u00edvesen megy az edz\u00e9sekre, pedig hetente n\u00e9gyszer van, abb\u00f3l egyszer m\u00e1sf\u00e9l \u00f3r\u00e1s, \u00e9s a t\u00f6bbi mind 2 \u00e9s f\u00e9l \u00f3r\u00e1s edz\u00e9s. \u00a0Ebb\u0151l nem mindig vannak a v\u00edzben, van hogy csak sz\u00e1raz edz\u00e9s\u00fck van edz\u0151teremben. Egyenl\u0151re m\u00e9g a suli mellett nem jelent gondot, hogy ilyen sokszor van edz\u00e9se. Majd megl\u00e1tjuk, hogy k\u00e9s\u0151bb, hogy fogja b\u00edrni a suli mellett.<\/p>\n\n\n\n<p><br><\/p>\n\n\n\n<figure class=\"wp-block-image\"><img loading=\"lazy\" decoding=\"async\" width=\"458\" height=\"610\" src=\"https:\/\/hellonorvegia.devengo.hu\/wp-content\/uploads\/2019\/02\/barracudacupa.jpg\" alt=\"\" class=\"wp-image-131\"\/><\/figure>\n","protected":false},"excerpt":{"rendered":"<p>Szombat reggel\u00fcnk j\u00f3 kis kapkod\u00e1ssal telt, mire r\u00e1j\u00f6ttem, hogy Panka szinkron\u00fasz\u00f3 verseny\u00e9re nem 13.30-ra kell oda\u00e9rni, hanem 12.30-ra. \u00cdgy siker\u00fclt negyed 1-kor, szakad\u00f3 h\u00f3es\u00e9sben elindulnunk, \u00e9s negyed 2-re beesni az uszod\u00e1ba. Maga a verseny 3-kor kezd\u0151d\u00f6tt, de el\u0151tte volt bemeleg\u00edt\u00e9s, egy utols\u00f3 pr\u00f3ba a v\u00edzben. &nbsp;Sz\u00f3val meg\u00e9rkezt\u00fcnk, Pank\u00e1val kiugrottunk a kocsib\u00f3l, \u00e9s rohantunk be az [&hellip;]<\/p>\n","protected":false},"author":2,"featured_media":0,"comment_status":"open","ping_status":"open","sticky":false,"template":"","format":"standard","meta":{"footnotes":""},"categories":[1],"tags":[],"class_list":["post-130","post","type-post","status-publish","format-standard","hentry","category-uncategorized"],"_links":{"self":[{"href":"https:\/\/hellonorvegia.devengo.hu\/index.php?rest_route=\/wp\/v2\/posts\/130","targetHints":{"allow":["GET"]}}],"collection":[{"href":"https:\/\/hellonorvegia.devengo.hu\/index.php?rest_route=\/wp\/v2\/posts"}],"about":[{"href":"https:\/\/hellonorvegia.devengo.hu\/index.php?rest_route=\/wp\/v2\/types\/post"}],"author":[{"embeddable":true,"href":"https:\/\/hellonorvegia.devengo.hu\/index.php?rest_route=\/wp\/v2\/users\/2"}],"replies":[{"embeddable":true,"href":"https:\/\/hellonorvegia.devengo.hu\/index.php?rest_route=%2Fwp%2Fv2%2Fcomments&post=130"}],"version-history":[{"count":1,"href":"https:\/\/hellonorvegia.devengo.hu\/index.php?rest_route=\/wp\/v2\/posts\/130\/revisions"}],"predecessor-version":[{"id":132,"href":"https:\/\/hellonorvegia.devengo.hu\/index.php?rest_route=\/wp\/v2\/posts\/130\/revisions\/132"}],"wp:attachment":[{"href":"https:\/\/hellonorvegia.devengo.hu\/index.php?rest_route=%2Fwp%2Fv2%2Fmedia&parent=130"}],"wp:term":[{"taxonomy":"category","embeddable":true,"href":"https:\/\/hellonorvegia.devengo.hu\/index.php?rest_route=%2Fwp%2Fv2%2Fcategories&post=130"},{"taxonomy":"post_tag","embeddable":true,"href":"https:\/\/hellonorvegia.devengo.hu\/index.php?rest_route=%2Fwp%2Fv2%2Ftags&post=130"}],"curies":[{"name":"wp","href":"https:\/\/api.w.org\/{rel}","templated":true}]}}