{"id":136,"date":"2019-02-18T21:49:46","date_gmt":"2019-02-18T20:49:46","guid":{"rendered":"https:\/\/hellonorvegia.devengo.hu\/?p=136"},"modified":"2019-02-18T21:49:46","modified_gmt":"2019-02-18T20:49:46","slug":"potlas","status":"publish","type":"post","link":"https:\/\/hellonorvegia.devengo.hu\/?p=136","title":{"rendered":"P\u00f3tl\u00e1s"},"content":{"rendered":"\n<p>Megfogadtam, amikor kik\u00f6lt\u00f6zt\u00fcnk, hogy minimum hetente egyszer \u00edrni fogok a blogomban. Nos, ez a m\u00falt h\u00e9ten nem siker\u00fclt, \u00e9s nem az\u00e9rt, mert annyi dolgom lett volna, hanem mert itt is les\u00fajtott r\u00e1m a melegfront, \u00e9s t\u00f6bbnapos migr\u00e9nes fejf\u00e1j\u00e1s gy\u00f6t\u00f6rt. Pedig annyi minden t\u00f6rt\u00e9nt. <br><\/p>\n\n\n\n<p>Kezdj\u00fck az elej\u00e9n:<br><\/p>\n\n\n\n<p>2 hete Panka is megismerhette v\u00e9gre az oszt\u00e1ly\u00e1t a Haslum skole-ban. 7.b-s lesz, \u00e9s m\u00e1rciusig \u0150 is hetente egyszer fog j\u00e1rni, majd hetente k\u00e9tszer, majd h\u00fasv\u00e9t ut\u00e1n mind a kett\u0151 gyerek m\u00e1r teljesen \u00e1t fog ker\u00fclni a norv\u00e9g suliba. Szerencs\u00e9re Pank\u00e1t is nagyon kedvesen fogadt\u00e1k a gyerekek, r\u00f6gt\u00f6n k\u00f6zrefogt\u00e1k, \u00e9s egym\u00e1s szav\u00e1ba v\u00e1gva mes\u00e9ltek neki az iskol\u00e1r\u00f3l. Az \u00f3ra ut\u00e1n Panka sz\u00e9pen haza s\u00e9t\u00e1lt, majd 4 \u00f3ra fel\u00e9 visszament a Norm\u00f3\u00e9rt a napk\u00f6zibe. \u00c9n meg nyugodtan dolgozhattam. \ud83d\ude42 Jaj, de k\u00e9nyelmes volt. K\u00f6zben Pank\u00e1val \u00edrattak egy matek felm\u00e9r\u0151t, ami a hetedikes anyagot foglalta \u00f6ssze, \u00e9s m\u00falt h\u00e9ten kapta vissza a dolgozat \u00e9rt\u00e9kel\u00e9s\u00e9t. Sajnos a dolgozatot nem tudtuk megn\u00e9zni, mert egy k\u00fcl\u00f6n jelsz\u00f3val az iPaden \u00edrta meg. &nbsp;Mivel itt a 7. oszt\u00e1lyig nincs oszt\u00e1lyz\u00e1s, az\u00e9rt valahogy m\u00e9gis \u00e9rt\u00e9kelik a gyerekeket. Itt p\u00e9ld\u00e1ul sz\u00ednekkel volt jel\u00f6lve, piros volt a legrosszabb, \u00e9s s\u00f6t\u00e9tz\u00f6ld a legjobb. Nan\u00e1, hogy a l\u00e1nyom dolgozata s\u00f6t\u00e9t z\u00f6ld lett! \ud83d\ude42<br><\/p>\n\n\n\n<p>Norm\u00f3 is sz\u00e9pen kezd beilleszkedni az \u00faj oszt\u00e1ly\u00e1ba, k\u00f6sz\u00f6nhet\u0151 ez annak is, hogy a heti egy iskolal\u00e1togat\u00e1s mellett hetente 3szor a Haslum iskola napk\u00f6zij\u00e9ben van, hogy min\u00e9l t\u00f6bbet legyen norv\u00e9gok k\u00f6z\u00f6tt.<\/p>\n\n\n\n<p>K\u00f6zben m\u00falt p\u00e9nteken r\u00e1m \u00edrt egy csajszi, hogy az osl\u00f3i irod\u00e1ban vagyok-e \u00e9n is, mert akkor tal\u00e1lkozhatn\u00e1nk a negyediken. Kider\u00fclt, hogy Norm\u00f3 egyik leend\u0151 oszt\u00e1lyt\u00e1rs\u00e1nak az anyuk\u00e1ja ugyanann\u00e1l a c\u00e9gn\u00e9l dolgozik, ahol \u00e9n, r\u00e1ad\u00e1sul itt \u0150 a sz\u00fcl\u0151i munkak\u00f6z\u00f6ss\u00e9gis, \u00e9s friss\u00edtette a sz\u00fcl\u0151i kontaktlist\u00e1t, majd \u00edrt mindenkinek egy k\u00f6r emailt \u00e9s k\u00fcl\u00f6n \u00fcdv\u00f6z\u00f6lte Norbit, mint \u00faj oszt\u00e1lyt\u00e1rsat. Azt\u00e1n egy-k\u00e9t sz\u00fcl\u0151 m\u00e9g k\u00fcl\u00f6n is \u00edrt nekem, hogy a gyerekeikt\u0151l sokat hallottak m\u00e1r Norm\u00f3r\u00f3l, \u00e9s \u00fcdv az oszt\u00e1lyban. Komolyan, annyira j\u00f3l esett ez a fogadtat\u00e1s. <br><\/p>\n\n\n\n<p>Vannak ezek a sztereot\u00edpi\u00e1k, hogy a norv\u00e9gok h\u0171v\u00f6sek, \u00e9s nem annyira bar\u00e1tkoznak. Egyenl\u0151re nek\u00fcnk m\u00e9g csak pozit\u00edv benyom\u00e1sunk volt r\u00f3luk. Kedvesek, befogad\u00f3ak, \u00e9s bar\u00e1ts\u00e1gosak. <br><\/p>\n\n\n\n<figure class=\"wp-block-image\"><img loading=\"lazy\" decoding=\"async\" width=\"814\" height=\"610\" src=\"https:\/\/hellonorvegia.devengo.hu\/wp-content\/uploads\/2019\/02\/suliba-menet.jpg\" alt=\"\" class=\"wp-image-137\"\/><\/figure>\n","protected":false},"excerpt":{"rendered":"<p>Megfogadtam, amikor kik\u00f6lt\u00f6zt\u00fcnk, hogy minimum hetente egyszer \u00edrni fogok a blogomban. Nos, ez a m\u00falt h\u00e9ten nem siker\u00fclt, \u00e9s nem az\u00e9rt, mert annyi dolgom lett volna, hanem mert itt is les\u00fajtott r\u00e1m a melegfront, \u00e9s t\u00f6bbnapos migr\u00e9nes fejf\u00e1j\u00e1s gy\u00f6t\u00f6rt. Pedig annyi minden t\u00f6rt\u00e9nt. Kezdj\u00fck az elej\u00e9n: 2 hete Panka is megismerhette v\u00e9gre az oszt\u00e1ly\u00e1t a [&hellip;]<\/p>\n","protected":false},"author":2,"featured_media":0,"comment_status":"open","ping_status":"open","sticky":false,"template":"","format":"standard","meta":{"footnotes":""},"categories":[1],"tags":[],"class_list":["post-136","post","type-post","status-publish","format-standard","hentry","category-uncategorized"],"_links":{"self":[{"href":"https:\/\/hellonorvegia.devengo.hu\/index.php?rest_route=\/wp\/v2\/posts\/136","targetHints":{"allow":["GET"]}}],"collection":[{"href":"https:\/\/hellonorvegia.devengo.hu\/index.php?rest_route=\/wp\/v2\/posts"}],"about":[{"href":"https:\/\/hellonorvegia.devengo.hu\/index.php?rest_route=\/wp\/v2\/types\/post"}],"author":[{"embeddable":true,"href":"https:\/\/hellonorvegia.devengo.hu\/index.php?rest_route=\/wp\/v2\/users\/2"}],"replies":[{"embeddable":true,"href":"https:\/\/hellonorvegia.devengo.hu\/index.php?rest_route=%2Fwp%2Fv2%2Fcomments&post=136"}],"version-history":[{"count":1,"href":"https:\/\/hellonorvegia.devengo.hu\/index.php?rest_route=\/wp\/v2\/posts\/136\/revisions"}],"predecessor-version":[{"id":138,"href":"https:\/\/hellonorvegia.devengo.hu\/index.php?rest_route=\/wp\/v2\/posts\/136\/revisions\/138"}],"wp:attachment":[{"href":"https:\/\/hellonorvegia.devengo.hu\/index.php?rest_route=%2Fwp%2Fv2%2Fmedia&parent=136"}],"wp:term":[{"taxonomy":"category","embeddable":true,"href":"https:\/\/hellonorvegia.devengo.hu\/index.php?rest_route=%2Fwp%2Fv2%2Fcategories&post=136"},{"taxonomy":"post_tag","embeddable":true,"href":"https:\/\/hellonorvegia.devengo.hu\/index.php?rest_route=%2Fwp%2Fv2%2Ftags&post=136"}],"curies":[{"name":"wp","href":"https:\/\/api.w.org\/{rel}","templated":true}]}}