{"id":140,"date":"2019-02-28T17:30:20","date_gmt":"2019-02-28T16:30:20","guid":{"rendered":"https:\/\/hellonorvegia.devengo.hu\/?p=140"},"modified":"2019-02-28T17:30:20","modified_gmt":"2019-02-28T16:30:20","slug":"marciusi-ujrakezdes","status":"publish","type":"post","link":"https:\/\/hellonorvegia.devengo.hu\/?p=140","title":{"rendered":"M\u00e1rciusi \u00fajrakezd\u00e9s"},"content":{"rendered":"\n<p>Egy m\u00e1rciusi napon kezdtem el dolgozni Feh\u00e9rv\u00e1ron a sz\u00fcl\u00e9s ut\u00e1n, majd 4 \u00e9vre r\u00e1 v\u00e1ltottam egy m\u00e1sik c\u00e9ghez, ahol szint\u00e9n m\u00e1rciusban kezdtem. Most meg pedig itt \u00e1llok, \u00e9s j\u00f6v\u0151 h\u00e9ten ism\u00e9t \u00faj fejezet indul n\u00e1lam munka vagy karrier szempontj\u00e1b\u00f3l. Tavaly novemberben megp\u00e1ly\u00e1ztam egy \u00e1ll\u00e1st itt Norv\u00e9gi\u00e1ban, a mostani munkahelyem anyac\u00e9g\u00e9n\u00e9l \u00e9s felvettek. Nem volt k\u00f6nny\u0171 a felv\u00e9teli, tesztek, prezent\u00e1ci\u00f3 k\u00e9sz\u00edt\u00e9se, de a l\u00e9nyeg, hogy siker\u00fclt. Emiatt a m\u00falt h\u00e9ten haza utaztam Magyarorsz\u00e1gra, hogy befejezzem a munk\u00e1m, amit kik\u00f6lt\u00f6z\u00e9s\u00fcnk \u00f3ta itthonr\u00f3l v\u00e9geztem. Lesz\u00e1moltam, \u00e9s \u00e1tadtam minden sz\u00fcks\u00e9ges \u00e9s fontos inf\u00f3t az ut\u00f3domnak. J\u00f6v\u0151 h\u00e9tt\u0151l pedig kezdek, az \u00faj helyemen! Juhuuuuu!<\/p>\n\n\n\n<p>M\u00e1r v\u00e1rom nagyon, \u00e9s ami a l\u00e9nyeg, hogy \u0151k is v\u00e1rnak engem! <br><\/p>\n","protected":false},"excerpt":{"rendered":"<p>Egy m\u00e1rciusi napon kezdtem el dolgozni Feh\u00e9rv\u00e1ron a sz\u00fcl\u00e9s ut\u00e1n, majd 4 \u00e9vre r\u00e1 v\u00e1ltottam egy m\u00e1sik c\u00e9ghez, ahol szint\u00e9n m\u00e1rciusban kezdtem. Most meg pedig itt \u00e1llok, \u00e9s j\u00f6v\u0151 h\u00e9ten ism\u00e9t \u00faj fejezet indul n\u00e1lam munka vagy karrier szempontj\u00e1b\u00f3l. Tavaly novemberben megp\u00e1ly\u00e1ztam egy \u00e1ll\u00e1st itt Norv\u00e9gi\u00e1ban, a mostani munkahelyem anyac\u00e9g\u00e9n\u00e9l \u00e9s felvettek. Nem volt k\u00f6nny\u0171 [&hellip;]<\/p>\n","protected":false},"author":2,"featured_media":0,"comment_status":"open","ping_status":"open","sticky":false,"template":"","format":"standard","meta":{"footnotes":""},"categories":[1],"tags":[],"class_list":["post-140","post","type-post","status-publish","format-standard","hentry","category-uncategorized"],"_links":{"self":[{"href":"https:\/\/hellonorvegia.devengo.hu\/index.php?rest_route=\/wp\/v2\/posts\/140","targetHints":{"allow":["GET"]}}],"collection":[{"href":"https:\/\/hellonorvegia.devengo.hu\/index.php?rest_route=\/wp\/v2\/posts"}],"about":[{"href":"https:\/\/hellonorvegia.devengo.hu\/index.php?rest_route=\/wp\/v2\/types\/post"}],"author":[{"embeddable":true,"href":"https:\/\/hellonorvegia.devengo.hu\/index.php?rest_route=\/wp\/v2\/users\/2"}],"replies":[{"embeddable":true,"href":"https:\/\/hellonorvegia.devengo.hu\/index.php?rest_route=%2Fwp%2Fv2%2Fcomments&post=140"}],"version-history":[{"count":1,"href":"https:\/\/hellonorvegia.devengo.hu\/index.php?rest_route=\/wp\/v2\/posts\/140\/revisions"}],"predecessor-version":[{"id":141,"href":"https:\/\/hellonorvegia.devengo.hu\/index.php?rest_route=\/wp\/v2\/posts\/140\/revisions\/141"}],"wp:attachment":[{"href":"https:\/\/hellonorvegia.devengo.hu\/index.php?rest_route=%2Fwp%2Fv2%2Fmedia&parent=140"}],"wp:term":[{"taxonomy":"category","embeddable":true,"href":"https:\/\/hellonorvegia.devengo.hu\/index.php?rest_route=%2Fwp%2Fv2%2Fcategories&post=140"},{"taxonomy":"post_tag","embeddable":true,"href":"https:\/\/hellonorvegia.devengo.hu\/index.php?rest_route=%2Fwp%2Fv2%2Ftags&post=140"}],"curies":[{"name":"wp","href":"https:\/\/api.w.org\/{rel}","templated":true}]}}