{"id":142,"date":"2019-02-28T17:35:47","date_gmt":"2019-02-28T16:35:47","guid":{"rendered":"https:\/\/hellonorvegia.devengo.hu\/?p=142"},"modified":"2019-02-28T17:35:47","modified_gmt":"2019-02-28T16:35:47","slug":"kerdezz-felelek","status":"publish","type":"post","link":"https:\/\/hellonorvegia.devengo.hu\/?p=142","title":{"rendered":"K\u00e9rdezz-felelek"},"content":{"rendered":"\n<p>Az elm\u00falt egy h\u00e9t egy \u0151r\u00fcltek h\u00e1za volt nekem. Haza rep\u00fcltem lesz\u00e1molni a r\u00e9gi helyemen, \u00e9s k\u00f6zben pr\u00f3b\u00e1ltam mindent elint\u00e9zni, megcsin\u00e1ltatni, megvenni, amit fel\u00edrtam a list\u00e1mra, \u00e9s bar\u00e1tokkal tal\u00e1lkozni. Sokan k\u00e9rdezt\u00e9k, hogy mennyire \u00e9rzik j\u00f3l magukat idekint a gyerekek, illetve mennyire tudnak norv\u00e9gul. Igaz\u00e1b\u00f3l mindenkinek azt a sztorit mes\u00e9ltem el, hogy moziban norv\u00e9gul megn\u00e9zt\u00fck az \u201cIgy neveled a s\u00e1rk\u00e1nyodat!\u201d. A film v\u00e9g\u00e9n megk\u00e9rdeztem \u0151ket, hogy mennyire \u00e9rtett\u00e9k \u00e9s azt mondt\u00e1k, hogy 90-99%-ban mindent meg\u00e9rtettek. Mondjuk ezt gondoltam, mert a rajzfilm v\u00e9g\u00e9n a Panka k\u00f6nnyezett, \u00e9n meg baromira nem b\u00edrtam \u00e1t\u00e9rezni, mert nem \u00e9rtettem. Persze volt amikor elkaptam szavakat vagy mondatokat, de att\u00f3l m\u00e9g messze voltam, hogy mindent meg\u00e9rtsek. \ud83d\ude42<br><\/p>\n\n\n\n<p>Ma meginterj\u00favoltam a Pank\u00e1t \u00e9s Norbit, csak, hogy tudjam, t\u00e9nyleg j\u00f3t mondtam-e mindenkinek azzal kapcsolatban, hogy milyen nekik idekint.<br><\/p>\n\n\n\n<p> Itt vannak a k\u00e9rd\u00e9seim, \u00e9s gyerekek v\u00e1laszai:<br><\/p>\n\n\n\n<p><strong>Hogy \u00e9rzed magad idekint?<\/strong><\/p>\n\n\n\n<p><em>P: Nagyon-nagyon j\u00f3l \u00e9rzem magam itt. Aranyosak a bar\u00e1taim, \u00e9s az iskolai is j\u00f3, \u00e9s a k\u00f6rzeti norv\u00e9g iskol\u00e1ban is nagyon aranyosak az oszt\u00e1lyt\u00e1rsaim.<\/em><br><\/p>\n\n\n\n<p><em>N:J\u00f3l \u00e9rzem magam idekint. Az tetszik, hogy itt hideg van! <\/em><\/p>\n\n\n\n<p><\/p>\n\n\n\n<p><strong>Mi hi\u00e1nyzik otthonr\u00f3l?<\/strong><\/p>\n\n\n\n<p><em>P: \u00c9telre vagy emberre gondolsz?\u201dHa mind a kett\u0151re, akkor kezdj\u00fck az \u00e9tellel, mert emberb\u0151l t\u00f6bb van. Sz\u00f3val, \u00e9telb\u0151l hi\u00e1nyzik a Mama s\u00fctije, a t\u00e9liszal\u00e1mi, a t\u00far\u00f3 rudi, Oma paradicsomos h\u00fasgomb\u00f3ca. Emberekb\u0151l hi\u00e1nyzik a csal\u00e1d (nagysz\u00fcl\u0151k, unokates\u00f3k, nagyb\u00e1csik-nagyn\u00e9nik), \u00e9s Iluska (a cic\u00e1nk) b\u00e1r \u0150 nem ember :-), n\u00e9h\u00e1ny bar\u00e1tom, Gojko az exkuty\u00e1nk, aki szint\u00e9n nem ember. \ud83d\ude42<\/em><br><\/p>\n\n\n\n<p><em>N: Nagyon hi\u00e1nyoznak a bar\u00e1taim, Iluska meg a Gojko, Mam\u00e1\u00e9k, Om\u00e1\u00e9k, Unokates\u00f3im. Hi\u00e1nyzik a Koron\u00e1s Park, meg a Minecraft a sz\u00e1m\u00edt\u00f3g\u00e9pr\u0151l. A nagy leg\u00f3s doboz a szob\u00e1mb\u00f3l.<\/em><\/p>\n\n\n\n<p><\/p>\n\n\n\n<p><strong>Most per pillanat szeretn\u00e9l-e visszak\u00f6lt\u00f6zni? <\/strong><\/p>\n\n\n\n<p><em>P: Ez most biztosan sokakat meg fog d\u00f6bbenteni, de nem szeretn\u00e9k, mert j\u00f3 itt.<\/em><br><\/p>\n\n\n\n<p><em>N: Szerintem nem.<\/em><br><\/p>\n\n\n\n<p><strong>Mi az, ami itt j\u00f3, \u00e9s ami miatt nem szeretn\u00e9l visszamenni?<\/strong><\/p>\n\n\n\n<p><em>P: T\u00f6bb id\u0151m van az edz\u00e9seimre, a hobbimra, mivel itt nem adnak olyan sok h\u00e1zit, mint otthon. Nagyon sz\u00e9p helyen vagyok, \u00e9s itt nem f\u00faj olyan sokat a sz\u00e9l. xd<\/em><\/p>\n\n\n\n<p><em>Szeretn\u00e9m a norv\u00e9got t\u00f6k\u00e9letes\u00edteni, \u00e9s m\u00e9g t\u00f6bbet haszn\u00e1lni. Addig tuti nem k\u00f6lt\u00f6zn\u00e9k haza, am\u00edg nem l\u00e1ttam az \u00e9szaki f\u00e9nyt.<\/em><br><\/p>\n\n\n\n<p><em>N: Itt van h\u00f3, \u00e9s itt gyorsan be lehet illeszkedni a norv\u00e9g suliba, \u00e9s sz\u00e9p a tenger.<\/em><br><\/p>\n\n\n\n<p><strong>Szokott-e honv\u00e1gyad lenni?<\/strong><\/p>\n\n\n\n<p><em>P: Persze, n\u00e9ha van. A cic\u00e1nkat kihozn\u00e1m. Szerencs\u00e9re a nagysz\u00fcleimet minden h\u00e9ten l\u00e1tom telefonon.<\/em><br><\/p>\n\n\n\n<p><em>N: Igen. Hi\u00e1nyzik Iluska, meg a nagymam\u00e1m\u00e9k, meg h\u00e1t j\u00f3 lenne tal\u00e1lkozni vel\u00fck, enni r\u00e1ntott h\u00fast, \u00e9s hortob\u00e1gyi h\u00fasos palacsint\u00e1t.<\/em><br><\/p>\n\n\n\n<p><strong>Van m\u00e9g valami, amit elmondan\u00e1l, \u00e9s nem k\u00e9rdeztem?<\/strong><\/p>\n\n\n\n<p><em>P: Ne csak azt \u00edrd le, hogy \u00e9rtettem a rajzfilmet, hanem azt is, hogy tudom haszn\u00e1lni is a nyelvet. <\/em><\/p>\n\n\n\n<p><em>K\u00f6sz\u00f6n\u00f6m a kedves k\u00e9rd\u00e9seket! <\/em><br><\/p>\n\n\n\n<p><em>N: Nem, minden benne volt, \u00e9s k\u00f6sz\u00f6n\u00f6m a k\u00e9rd\u00e9seket. Sziaaaaaaaaaaaasztoooooooook!<\/em><br><\/p>\n\n\n\n<p>Sz\u00edvesen! Majd p\u00e1r h\u00f3nap m\u00falva \u00fajb\u00f3l kifaggatlak titeket! \ud83d\ude42<\/p>\n\n\n\n<p><br><\/p>\n\n\n\n<figure class=\"wp-block-image\"><img loading=\"lazy\" decoding=\"async\" width=\"3264\" height=\"2448\" src=\"https:\/\/hellonorvegia.devengo.hu\/wp-content\/uploads\/2019\/02\/IMG_20190216_145909-1.jpg\" alt=\"\" class=\"wp-image-144\"\/><figcaption>btrhdr<\/figcaption><\/figure>\n","protected":false},"excerpt":{"rendered":"<p>Az elm\u00falt egy h\u00e9t egy \u0151r\u00fcltek h\u00e1za volt nekem. Haza rep\u00fcltem lesz\u00e1molni a r\u00e9gi helyemen, \u00e9s k\u00f6zben pr\u00f3b\u00e1ltam mindent elint\u00e9zni, megcsin\u00e1ltatni, megvenni, amit fel\u00edrtam a list\u00e1mra, \u00e9s bar\u00e1tokkal tal\u00e1lkozni. Sokan k\u00e9rdezt\u00e9k, hogy mennyire \u00e9rzik j\u00f3l magukat idekint a gyerekek, illetve mennyire tudnak norv\u00e9gul. Igaz\u00e1b\u00f3l mindenkinek azt a sztorit mes\u00e9ltem el, hogy moziban norv\u00e9gul megn\u00e9zt\u00fck az [&hellip;]<\/p>\n","protected":false},"author":2,"featured_media":0,"comment_status":"open","ping_status":"open","sticky":false,"template":"","format":"standard","meta":{"footnotes":""},"categories":[1],"tags":[],"class_list":["post-142","post","type-post","status-publish","format-standard","hentry","category-uncategorized"],"_links":{"self":[{"href":"https:\/\/hellonorvegia.devengo.hu\/index.php?rest_route=\/wp\/v2\/posts\/142","targetHints":{"allow":["GET"]}}],"collection":[{"href":"https:\/\/hellonorvegia.devengo.hu\/index.php?rest_route=\/wp\/v2\/posts"}],"about":[{"href":"https:\/\/hellonorvegia.devengo.hu\/index.php?rest_route=\/wp\/v2\/types\/post"}],"author":[{"embeddable":true,"href":"https:\/\/hellonorvegia.devengo.hu\/index.php?rest_route=\/wp\/v2\/users\/2"}],"replies":[{"embeddable":true,"href":"https:\/\/hellonorvegia.devengo.hu\/index.php?rest_route=%2Fwp%2Fv2%2Fcomments&post=142"}],"version-history":[{"count":1,"href":"https:\/\/hellonorvegia.devengo.hu\/index.php?rest_route=\/wp\/v2\/posts\/142\/revisions"}],"predecessor-version":[{"id":145,"href":"https:\/\/hellonorvegia.devengo.hu\/index.php?rest_route=\/wp\/v2\/posts\/142\/revisions\/145"}],"wp:attachment":[{"href":"https:\/\/hellonorvegia.devengo.hu\/index.php?rest_route=%2Fwp%2Fv2%2Fmedia&parent=142"}],"wp:term":[{"taxonomy":"category","embeddable":true,"href":"https:\/\/hellonorvegia.devengo.hu\/index.php?rest_route=%2Fwp%2Fv2%2Fcategories&post=142"},{"taxonomy":"post_tag","embeddable":true,"href":"https:\/\/hellonorvegia.devengo.hu\/index.php?rest_route=%2Fwp%2Fv2%2Ftags&post=142"}],"curies":[{"name":"wp","href":"https:\/\/api.w.org\/{rel}","templated":true}]}}