{"id":154,"date":"2019-03-30T20:27:37","date_gmt":"2019-03-30T19:27:37","guid":{"rendered":"https:\/\/hellonorvegia.devengo.hu\/?p=154"},"modified":"2019-03-30T20:27:37","modified_gmt":"2019-03-30T19:27:37","slug":"fel-ev","status":"publish","type":"post","link":"https:\/\/hellonorvegia.devengo.hu\/?p=154","title":{"rendered":"F\u00e9l \u00e9v"},"content":{"rendered":"\n<p>Cs\u00fct\u00f6rt\u00f6k\u00f6n volt pont f\u00e9l \u00e9ve, hogy meg\u00e9rkezt\u00fcnk Norv\u00e9gi\u00e1ba, \u00e9s elkezdt\u00fcnk berendezkedni az itteni \u00e9let\u00fcnkre. Annyi minden t\u00f6rt\u00e9nt vel\u00fcnk ebben az id\u0151ben, hogy sokszor egy \u00e9v alatt nem \u00e9rt minket ennyi izgalom, \u00e9lm\u00e9ny, \u00e9s sajnos szomor\u00fas\u00e1g is. A kezdeti izgalom \u00e9s pakol\u00e1s mellett r\u00f6gt\u00f6n egy hatalmas vesztes\u00e9ggel is meg kellett k\u00fczden\u00fcnk, \u00e9s m\u00e9g k\u00fczd\u00f6k vele a mai napig. Valahogy minden olyan t\u00fal t\u00f6k\u00e9letes lett volna&#8230;<br><\/p>\n\n\n\n<p>Arra gondoltam, hogy egy t\u00e1bl\u00e1zatban pr\u00f3b\u00e1lom \u00f6sszeszedni, hogy 6 h\u00f3nap alatt mit siker\u00fclt el\u00e9rni:<\/p>\n\n\n\n<table class=\"wp-block-table has-fixed-layout is-style-regular\"><tbody><tr><td><strong>2018.09.28.<\/strong><\/td><td><strong>2019.03.28.<\/strong><\/td><\/tr><tr><td>Hi\u00e1nyosan berendezett lak\u00e1s.<\/td><td>Lak\u00e1s teljesen berendezve.<\/td><\/tr><tr><td>Gyerekek nulla nyelvtud\u00e1ssal, \u00e9s itteni bar\u00e1tok hi\u00e1ny\u00e1val kezdtek.<\/td><td>Mind a ketten m\u00e1r sz\u00e9pen \u00e9rtik, \u00e9s besz\u00e9lik a nyelvet. Norm\u00f3 egyik d\u00e9lut\u00e1n m\u00e1r \u00e1t volt j\u00e1tszani az itteni norv\u00e9g bar\u00e1tj\u00e1n\u00e1l. Panka az itteni bar\u00e1tn\u0151ivel szokott telefonon csacsogni, persze norv\u00e9gul. \ud83d\ude42<\/td><\/tr><tr><td>Jana \u00e9s nekem nulla norv\u00e9g nyelvtud\u00e1s.           <strong>           <\/strong><\/td><td>M\u00e9g tanuljuk. Maga a nyelv nem neh\u00e9z szerintem, ink\u00e1bb az, hogy itt mindenki besz\u00e9l angolul, \u00e9s \u00edgy m\u00e1r nek\u00fcnk is nehezebb elsaj\u00e1t\u00edtani, de az\u00e9rt egy-k\u00e9t mondatot m\u00e1r mi is el tudunk mondani, \u00e9s szerencs\u00e9re most m\u00e1r a gyerekek is tudnak seg\u00edteni nek\u00fcnk.<\/td><\/tr><tr><td>Magyar rendsz\u00e1m\u00fa aut\u00f3val k\u00f6zlekedt\u00fcnk az els\u0151 m\u00e1sf\u00e9l h\u00f3napban.<\/td><td>Norv\u00e9g rendsz\u00e1m\u00fa aut\u00f3 beszerezve, a m\u00e1sik pedig ism\u00e9t otthon van Feh\u00e9rv\u00e1ron.<\/td><\/tr><tr><td>Jan\u00e1nak norv\u00e9g munkahely, nekem magyar.<\/td><td>Jan\u00e1nak maradt a norv\u00e9g munkahely, \u00e9s most m\u00e1r nekem is norv\u00e9g a munkaad\u00f3m.<\/td><\/tr><tr><td>A gyerekeket \u00e9n vittem, \u00e9s hoztam kocsival a suliba.<\/td><td>Most m\u00e1r egyed\u00fcl k\u00f6zlekednek busszal.<\/td><\/tr><\/tbody><\/table>\n\n\n\n<p><\/p>\n\n\n\n<p>Most els\u0151k\u00f6rben ennyi jutott eszembe, biztos kihagytam valamit, de igaz\u00e1b\u00f3l, ezek azok a f\u0151bb pontok, amik jelent\u0151sen v\u00e1ltoztak. B\u00e1r az igazi nagy v\u00e1ltoz\u00e1snak azt \u00e9rzem, hogy sokkal kev\u00e9sb\u00e9 stresszes az \u00e9let\u00fcnk. Valahogy itt minden olyan nyugodt, \u00e9s amikor err\u0151l a norv\u00e9gokkal besz\u00e9lgetek, akkor az j\u00f6n le nekem mindig, hogy \u0151k saj\u00e1t magukr\u00f3l is \u00fagy v\u00e9lekednek, hogy nyugisak. Persze az\u00e9rt szokott honv\u00e1gyunk lenni, \u00e9s hi\u00e1nyoznak az otthoniak, de egyenl\u0151re most j\u00f3l \u00e9rezz\u00fck magunkat idekint. <\/p>\n\n\n\n<p><br><\/p>\n\n\n\n<figure class=\"wp-block-image\"><img loading=\"lazy\" decoding=\"async\" width=\"3264\" height=\"2448\" src=\"https:\/\/hellonorvegia.devengo.hu\/wp-content\/uploads\/2019\/03\/IMG_20190323_141630.jpg\" alt=\"\" class=\"wp-image-158\"\/><figcaption>fbt<\/figcaption><\/figure>\n","protected":false},"excerpt":{"rendered":"<p>Cs\u00fct\u00f6rt\u00f6k\u00f6n volt pont f\u00e9l \u00e9ve, hogy meg\u00e9rkezt\u00fcnk Norv\u00e9gi\u00e1ba, \u00e9s elkezdt\u00fcnk berendezkedni az itteni \u00e9let\u00fcnkre. Annyi minden t\u00f6rt\u00e9nt vel\u00fcnk ebben az id\u0151ben, hogy sokszor egy \u00e9v alatt nem \u00e9rt minket ennyi izgalom, \u00e9lm\u00e9ny, \u00e9s sajnos szomor\u00fas\u00e1g is. A kezdeti izgalom \u00e9s pakol\u00e1s mellett r\u00f6gt\u00f6n egy hatalmas vesztes\u00e9ggel is meg kellett k\u00fczden\u00fcnk, \u00e9s m\u00e9g k\u00fczd\u00f6k vele a [&hellip;]<\/p>\n","protected":false},"author":2,"featured_media":0,"comment_status":"open","ping_status":"open","sticky":false,"template":"","format":"standard","meta":{"footnotes":""},"categories":[1],"tags":[],"class_list":["post-154","post","type-post","status-publish","format-standard","hentry","category-uncategorized"],"_links":{"self":[{"href":"https:\/\/hellonorvegia.devengo.hu\/index.php?rest_route=\/wp\/v2\/posts\/154","targetHints":{"allow":["GET"]}}],"collection":[{"href":"https:\/\/hellonorvegia.devengo.hu\/index.php?rest_route=\/wp\/v2\/posts"}],"about":[{"href":"https:\/\/hellonorvegia.devengo.hu\/index.php?rest_route=\/wp\/v2\/types\/post"}],"author":[{"embeddable":true,"href":"https:\/\/hellonorvegia.devengo.hu\/index.php?rest_route=\/wp\/v2\/users\/2"}],"replies":[{"embeddable":true,"href":"https:\/\/hellonorvegia.devengo.hu\/index.php?rest_route=%2Fwp%2Fv2%2Fcomments&post=154"}],"version-history":[{"count":3,"href":"https:\/\/hellonorvegia.devengo.hu\/index.php?rest_route=\/wp\/v2\/posts\/154\/revisions"}],"predecessor-version":[{"id":159,"href":"https:\/\/hellonorvegia.devengo.hu\/index.php?rest_route=\/wp\/v2\/posts\/154\/revisions\/159"}],"wp:attachment":[{"href":"https:\/\/hellonorvegia.devengo.hu\/index.php?rest_route=%2Fwp%2Fv2%2Fmedia&parent=154"}],"wp:term":[{"taxonomy":"category","embeddable":true,"href":"https:\/\/hellonorvegia.devengo.hu\/index.php?rest_route=%2Fwp%2Fv2%2Fcategories&post=154"},{"taxonomy":"post_tag","embeddable":true,"href":"https:\/\/hellonorvegia.devengo.hu\/index.php?rest_route=%2Fwp%2Fv2%2Ftags&post=154"}],"curies":[{"name":"wp","href":"https:\/\/api.w.org\/{rel}","templated":true}]}}