{"id":161,"date":"2019-04-12T18:32:56","date_gmt":"2019-04-12T16:32:56","guid":{"rendered":"https:\/\/hellonorvegia.devengo.hu\/?p=161"},"modified":"2019-04-12T18:32:56","modified_gmt":"2019-04-12T16:32:56","slug":"sandor-jozsef-benedek","status":"publish","type":"post","link":"https:\/\/hellonorvegia.devengo.hu\/?p=161","title":{"rendered":"S\u00e1ndor, J\u00f3zsef, Benedek\u2026"},"content":{"rendered":"\n<p>Majd egyszer ide is zs\u00e1kban hozza a meleget. \ud83d\ude42 Na, j\u00f3 nem panaszkodok, mert a h\u00f3 m\u00e1r szinte teljesen elolvadt, az utc\u00e1nkban lev\u0151 aranyes\u0151 is lassan kivir\u00e1gzik\u2026 <br><\/p>\n\n\n\n<p>A h\u00e9ten reggel, amikor \u00e1lltam a buszmeg\u00e1ll\u00f3ban azt vettem \u00e9szre, hogy \u00f6sszesen egy emberen volt t\u00e9likab\u00e1t, mindenki m\u00e1s m\u00e1r v\u00e9konyka tavaszi kab\u00e1tban v\u00e1rta a buszt. Persze, hogy \u00e9n voltam az az egy ember, aki t\u00e9likab\u00e1tban \u00e1lldog\u00e1lt, \u00a0\u00e9s a keszty\u0171m is a biztons\u00e1g kedv\u00e9\u00e9rt a t\u00e1sk\u00e1mban lapult. De k\u00f6ny\u00f6rg\u00f6m tavasz ide vagy oda, a h\u00e9ten reggelente -3 fok volt. Igaz sz\u00e9pen s\u00fct\u00f6tt a nap, de az\u00e9rt m\u00e9g nincs meleg. Vagyis nekem m\u00e9g nincs, a koll\u00e9g\u00e1imnak m\u00e1r tavasz van, a f\u0171t\u00e9st az otthonunkban m\u00e1r lekapcsolt\u00e1k, \u00e9s persze az irod\u00e1ban is. Azt mondt\u00e1k, hogy p\u00e1r \u00e9v m\u00falva majd megszokom, \u00e9s hogy milyen szerencs\u00e9s vagyok, mert az idei t\u00e9l, nem is volt olyan durva, mert sokkal t\u00f6bb h\u00f3 \u00e9s hidegebb is szokott lenni. Nagyon k\u00edv\u00e1ncsi vagyok, hogy mikor fog a h\u0151m\u00e9r\u0151 higanysz\u00e1la 20 fok f\u00f6l\u00e9 menni. De legal\u00e1bb most m\u00e1r sokkal hosszabbak a nappalok. Reggel 6 el\u0151tt vil\u00e1gosodik, \u00e9s este 9-kor m\u00e9g nincs teljesen s\u00f6t\u00e9t.<\/p>\n\n\n\n<p><br><\/p>\n\n\n\n<figure class=\"wp-block-image\"><img loading=\"lazy\" decoding=\"async\" width=\"1535\" height=\"2046\" src=\"https:\/\/hellonorvegia.devengo.hu\/wp-content\/uploads\/2019\/04\/IMG_20190313_072606-COLLAGE.jpg\" alt=\"\" class=\"wp-image-162\"\/><\/figure>\n","protected":false},"excerpt":{"rendered":"<p>Majd egyszer ide is zs\u00e1kban hozza a meleget. \ud83d\ude42 Na, j\u00f3 nem panaszkodok, mert a h\u00f3 m\u00e1r szinte teljesen elolvadt, az utc\u00e1nkban lev\u0151 aranyes\u0151 is lassan kivir\u00e1gzik\u2026 A h\u00e9ten reggel, amikor \u00e1lltam a buszmeg\u00e1ll\u00f3ban azt vettem \u00e9szre, hogy \u00f6sszesen egy emberen volt t\u00e9likab\u00e1t, mindenki m\u00e1s m\u00e1r v\u00e9konyka tavaszi kab\u00e1tban v\u00e1rta a buszt. Persze, hogy \u00e9n [&hellip;]<\/p>\n","protected":false},"author":2,"featured_media":0,"comment_status":"open","ping_status":"open","sticky":false,"template":"","format":"standard","meta":{"footnotes":""},"categories":[1],"tags":[],"class_list":["post-161","post","type-post","status-publish","format-standard","hentry","category-uncategorized"],"_links":{"self":[{"href":"https:\/\/hellonorvegia.devengo.hu\/index.php?rest_route=\/wp\/v2\/posts\/161","targetHints":{"allow":["GET"]}}],"collection":[{"href":"https:\/\/hellonorvegia.devengo.hu\/index.php?rest_route=\/wp\/v2\/posts"}],"about":[{"href":"https:\/\/hellonorvegia.devengo.hu\/index.php?rest_route=\/wp\/v2\/types\/post"}],"author":[{"embeddable":true,"href":"https:\/\/hellonorvegia.devengo.hu\/index.php?rest_route=\/wp\/v2\/users\/2"}],"replies":[{"embeddable":true,"href":"https:\/\/hellonorvegia.devengo.hu\/index.php?rest_route=%2Fwp%2Fv2%2Fcomments&post=161"}],"version-history":[{"count":1,"href":"https:\/\/hellonorvegia.devengo.hu\/index.php?rest_route=\/wp\/v2\/posts\/161\/revisions"}],"predecessor-version":[{"id":163,"href":"https:\/\/hellonorvegia.devengo.hu\/index.php?rest_route=\/wp\/v2\/posts\/161\/revisions\/163"}],"wp:attachment":[{"href":"https:\/\/hellonorvegia.devengo.hu\/index.php?rest_route=%2Fwp%2Fv2%2Fmedia&parent=161"}],"wp:term":[{"taxonomy":"category","embeddable":true,"href":"https:\/\/hellonorvegia.devengo.hu\/index.php?rest_route=%2Fwp%2Fv2%2Fcategories&post=161"},{"taxonomy":"post_tag","embeddable":true,"href":"https:\/\/hellonorvegia.devengo.hu\/index.php?rest_route=%2Fwp%2Fv2%2Ftags&post=161"}],"curies":[{"name":"wp","href":"https:\/\/api.w.org\/{rel}","templated":true}]}}