{"id":164,"date":"2019-04-19T13:25:53","date_gmt":"2019-04-19T11:25:53","guid":{"rendered":"https:\/\/hellonorvegia.devengo.hu\/?p=164"},"modified":"2019-04-19T13:25:53","modified_gmt":"2019-04-19T11:25:53","slug":"valtas","status":"publish","type":"post","link":"https:\/\/hellonorvegia.devengo.hu\/?p=164","title":{"rendered":"V\u00e1lt\u00e1s"},"content":{"rendered":"\n<p>Nemsok\u00e1ra itt a h\u00fasv\u00e9t, ami nek\u00fcnk azt is jelenti, hogy a gyerekek most m\u00e1r a h\u00e9t minden napj\u00e1n a k\u00f6rzeti sulijukba fognak j\u00e1rni. \u0150szint\u00e9n sz\u00f3lva f\u00e9ltem egy kicsit ett\u0151l a v\u00e1lt\u00e1st\u00f3l, att\u00f3l f\u00fcggetlen\u00fcl, hogy a gyerekek nem egyik napr\u00f3l a m\u00e1sikra ker\u00fcltek ism\u00e9t egy \u00faj k\u00f6z\u00f6ss\u00e9gbe, de az\u00e9rt m\u00e9gis csak ez egy \u00fajabb m\u00e1sik k\u00f6z\u00f6ss\u00e9g. Azt gondolom, hogy most a Norbinak volt k\u00f6nnyebb ez a v\u00e1ltoz\u00e1s. Azzal, hogy minden nap d\u00e9lut\u00e1n napk\u00f6ziben volt a norv\u00e9g suliban, jobban \u00f6sszehaverkodott az oszt\u00e1lyt\u00e1rsaival. Plusz szerintem ilyenkor m\u00e1r sokat sz\u00e1m\u00edt az is, hogy Panka m\u00e1r lassan 13 \u00e9ves lesz, \u00e9s a bar\u00e1ts\u00e1gok egyre fontosabbak lesznek az \u00e9let\u00e9ben. Persze kedvesek, meg j\u00f3 fejek vele is az \u00faj oszt\u00e1lyt\u00e1rsai, de az\u00e9rt f\u00e1jj\u00f3 szivvel hagyta ott az el\u0151z\u0151 iskol\u00e1t, \u00e9s a lengyel bar\u00e1tn\u0151it. Nekem is f\u00e1jt egy kicsit, hogy el kellett b\u00facs\u00faznunk. Annyi mindent k\u00f6sz\u00f6nhett\u00fcnk ennek a bevezet\u0151 iskol\u00e1nak. Olyan szeretettel fogadt\u00e1k \u0151ket, \u00e9s olyan t\u00fcrelemmel foglalkoztak vel\u00fck. \u00dagy t\u0171nik, hogy a tan\u00e1roknak is hi\u00e1nyozni fognak a gyerekek. Le voltak ny\u0171g\u00f6zve att\u00f3l, hogy Panka \u00e9s Norm\u00f3 milyen gyorsan megtanult\u00e1k a nyelvet. Pank\u00e1ra m\u00e9g v\u00e1r sajnos ebben az \u00e9vben m\u00e9g egy iskolav\u00e1lt\u00e1s, ugyanis 8. oszt\u00e1lyt\u00f3l a gyerekek \u00fagynevezett als\u00f3 k\u00f6z\u00e9piskol\u00e1ba j\u00e1rnak 3 \u00e9vig. Ez az iskola gyalog kb 10-15 percre van t\u0151l\u00fcnk, \u00e9s az oszt\u00e1lyt\u00e1rsainak a nagy r\u00e9sze, akik ehhez a k\u00f6rzethez tartoznak ebbe az iskol\u00e1ba fognak j\u00e1rni. \u00cdgy legal\u00e1bb ismer\u0151s gyerekek is lesznek k\u00f6r\u00fcl\u00f6tte.<br><\/p>\n\n\n\n<p>A lenti k\u00e9p a bekkestua-i k\u00f6z\u00e9piskola sz\u00fcl\u0151i \u00e9rtekezlet\u00e9n k\u00e9sz\u00fclt. Megtal\u00e1ltok minket rajta? \ud83d\ude42<\/p>\n\n\n\n<p><br><\/p>\n\n\n\n<figure class=\"wp-block-image\"><img loading=\"lazy\" decoding=\"async\" width=\"1140\" height=\"855\" src=\"https:\/\/hellonorvegia.devengo.hu\/wp-content\/uploads\/2019\/04\/Bekkestua-skole.jpeg\" alt=\"\" class=\"wp-image-165\"\/><\/figure>\n","protected":false},"excerpt":{"rendered":"<p>Nemsok\u00e1ra itt a h\u00fasv\u00e9t, ami nek\u00fcnk azt is jelenti, hogy a gyerekek most m\u00e1r a h\u00e9t minden napj\u00e1n a k\u00f6rzeti sulijukba fognak j\u00e1rni. \u0150szint\u00e9n sz\u00f3lva f\u00e9ltem egy kicsit ett\u0151l a v\u00e1lt\u00e1st\u00f3l, att\u00f3l f\u00fcggetlen\u00fcl, hogy a gyerekek nem egyik napr\u00f3l a m\u00e1sikra ker\u00fcltek ism\u00e9t egy \u00faj k\u00f6z\u00f6ss\u00e9gbe, de az\u00e9rt m\u00e9gis csak ez egy \u00fajabb m\u00e1sik k\u00f6z\u00f6ss\u00e9g. [&hellip;]<\/p>\n","protected":false},"author":2,"featured_media":0,"comment_status":"open","ping_status":"open","sticky":false,"template":"","format":"standard","meta":{"footnotes":""},"categories":[1],"tags":[],"class_list":["post-164","post","type-post","status-publish","format-standard","hentry","category-uncategorized"],"_links":{"self":[{"href":"https:\/\/hellonorvegia.devengo.hu\/index.php?rest_route=\/wp\/v2\/posts\/164","targetHints":{"allow":["GET"]}}],"collection":[{"href":"https:\/\/hellonorvegia.devengo.hu\/index.php?rest_route=\/wp\/v2\/posts"}],"about":[{"href":"https:\/\/hellonorvegia.devengo.hu\/index.php?rest_route=\/wp\/v2\/types\/post"}],"author":[{"embeddable":true,"href":"https:\/\/hellonorvegia.devengo.hu\/index.php?rest_route=\/wp\/v2\/users\/2"}],"replies":[{"embeddable":true,"href":"https:\/\/hellonorvegia.devengo.hu\/index.php?rest_route=%2Fwp%2Fv2%2Fcomments&post=164"}],"version-history":[{"count":1,"href":"https:\/\/hellonorvegia.devengo.hu\/index.php?rest_route=\/wp\/v2\/posts\/164\/revisions"}],"predecessor-version":[{"id":166,"href":"https:\/\/hellonorvegia.devengo.hu\/index.php?rest_route=\/wp\/v2\/posts\/164\/revisions\/166"}],"wp:attachment":[{"href":"https:\/\/hellonorvegia.devengo.hu\/index.php?rest_route=%2Fwp%2Fv2%2Fmedia&parent=164"}],"wp:term":[{"taxonomy":"category","embeddable":true,"href":"https:\/\/hellonorvegia.devengo.hu\/index.php?rest_route=%2Fwp%2Fv2%2Fcategories&post=164"},{"taxonomy":"post_tag","embeddable":true,"href":"https:\/\/hellonorvegia.devengo.hu\/index.php?rest_route=%2Fwp%2Fv2%2Ftags&post=164"}],"curies":[{"name":"wp","href":"https:\/\/api.w.org\/{rel}","templated":true}]}}