{"id":173,"date":"2019-05-10T21:12:24","date_gmt":"2019-05-10T19:12:24","guid":{"rendered":"https:\/\/hellonorvegia.devengo.hu\/?p=173"},"modified":"2019-05-10T21:12:24","modified_gmt":"2019-05-10T19:12:24","slug":"dugnad-ejtsd-dugnad","status":"publish","type":"post","link":"https:\/\/hellonorvegia.devengo.hu\/?p=173","title":{"rendered":"Dugnad (ejtsd &#8211; d\u00fcgn\u00e1d)"},"content":{"rendered":"\n<p>Egyik nap, amikor j\u00f6ttem haza a munk\u00e1b\u00f3l, ez a pap\u00edr fogadott a h\u00e1z bej\u00e1rati ajtaj\u00e1n.<\/p>\n\n\n\n<figure class=\"wp-block-image is-resized\"><img loading=\"lazy\" decoding=\"async\" src=\"https:\/\/hellonorvegia.devengo.hu\/wp-content\/uploads\/2019\/05\/IMG_0181.jpg\" alt=\"\" class=\"wp-image-174\" width=\"235\" height=\"313\"\/><\/figure>\n\n\n\n<p>Hmmm, mi lehet ez? Tal\u00e1n le k\u00e9ne ford\u00edtani, mert gondolom nem ugyanarra gondolnak, amit egy magyar olvas ki ezekb\u0151l a bet\u0171kb\u0151l.<br><\/p>\n\n\n\n<p>Sz\u00f3val a Dugnad: <\/p>\n\n\n\n<ul class=\"wp-block-list\"><li>r\u00e9gi norv\u00e9g hagyom\u00e1ny<\/li><li>\u00e1ltal\u00e1ban egy \u00e9vben k\u00e9tszer csin\u00e1lj\u00e1k<\/li><li>min\u00e9l t\u00f6bben vagyunk, ann\u00e1l jobb<\/li><\/ul>\n\n\n\n<p>Na, ki tal\u00e1lt\u00e1tok? Igen, az \u00f6nk\u00e9ntesked\u00e9sr\u0151l van sz\u00f3. Ilyenkor \u00f6sszej\u00f6nnek a k\u00f6rny\u00e9kbeli lak\u00f3k, \u00e9s rendbe teszik a lakhely\u00fckn\u00e9l l\u00e9v\u0151 ter\u00fcletet. Bokrokat metszenek, gazolnak, s\u00f6p\u00f6rnek, \u00e9s k\u00f6zben dum\u00e1lgatnak. Az eg\u00e9sznek m\u00e1jus 17-re k\u00e9szen kell lennie, mert akkor van a Nemzeti \u00dcnnep\u00fck, \u00e9s akkor itt nagy banz\u00e1j lesz. <br><\/p>\n\n\n\n<figure class=\"wp-block-image\"><img loading=\"lazy\" decoding=\"async\" width=\"1280\" height=\"720\" src=\"https:\/\/hellonorvegia.devengo.hu\/wp-content\/uploads\/2019\/05\/IMG_0184.jpg\" alt=\"\" class=\"wp-image-175\"\/><\/figure>\n\n\n\n<p>Na, akkor rem\u00e9lem most m\u00e1r mindenki tudja, hogy mi a d\u00fcgn\u00e1d. \ud83d\ude42<\/p>\n\n\n\n<p><br><\/p>\n","protected":false},"excerpt":{"rendered":"<p>Egyik nap, amikor j\u00f6ttem haza a munk\u00e1b\u00f3l, ez a pap\u00edr fogadott a h\u00e1z bej\u00e1rati ajtaj\u00e1n. Hmmm, mi lehet ez? Tal\u00e1n le k\u00e9ne ford\u00edtani, mert gondolom nem ugyanarra gondolnak, amit egy magyar olvas ki ezekb\u0151l a bet\u0171kb\u0151l. Sz\u00f3val a Dugnad: r\u00e9gi norv\u00e9g hagyom\u00e1ny \u00e1ltal\u00e1ban egy \u00e9vben k\u00e9tszer csin\u00e1lj\u00e1k min\u00e9l t\u00f6bben vagyunk, ann\u00e1l jobb Na, ki tal\u00e1lt\u00e1tok? [&hellip;]<\/p>\n","protected":false},"author":2,"featured_media":0,"comment_status":"open","ping_status":"open","sticky":false,"template":"","format":"standard","meta":{"footnotes":""},"categories":[1],"tags":[],"class_list":["post-173","post","type-post","status-publish","format-standard","hentry","category-uncategorized"],"_links":{"self":[{"href":"https:\/\/hellonorvegia.devengo.hu\/index.php?rest_route=\/wp\/v2\/posts\/173","targetHints":{"allow":["GET"]}}],"collection":[{"href":"https:\/\/hellonorvegia.devengo.hu\/index.php?rest_route=\/wp\/v2\/posts"}],"about":[{"href":"https:\/\/hellonorvegia.devengo.hu\/index.php?rest_route=\/wp\/v2\/types\/post"}],"author":[{"embeddable":true,"href":"https:\/\/hellonorvegia.devengo.hu\/index.php?rest_route=\/wp\/v2\/users\/2"}],"replies":[{"embeddable":true,"href":"https:\/\/hellonorvegia.devengo.hu\/index.php?rest_route=%2Fwp%2Fv2%2Fcomments&post=173"}],"version-history":[{"count":1,"href":"https:\/\/hellonorvegia.devengo.hu\/index.php?rest_route=\/wp\/v2\/posts\/173\/revisions"}],"predecessor-version":[{"id":176,"href":"https:\/\/hellonorvegia.devengo.hu\/index.php?rest_route=\/wp\/v2\/posts\/173\/revisions\/176"}],"wp:attachment":[{"href":"https:\/\/hellonorvegia.devengo.hu\/index.php?rest_route=%2Fwp%2Fv2%2Fmedia&parent=173"}],"wp:term":[{"taxonomy":"category","embeddable":true,"href":"https:\/\/hellonorvegia.devengo.hu\/index.php?rest_route=%2Fwp%2Fv2%2Fcategories&post=173"},{"taxonomy":"post_tag","embeddable":true,"href":"https:\/\/hellonorvegia.devengo.hu\/index.php?rest_route=%2Fwp%2Fv2%2Ftags&post=173"}],"curies":[{"name":"wp","href":"https:\/\/api.w.org\/{rel}","templated":true}]}}