{"id":177,"date":"2019-05-11T18:54:32","date_gmt":"2019-05-11T16:54:32","guid":{"rendered":"https:\/\/hellonorvegia.devengo.hu\/?p=177"},"modified":"2019-05-11T18:54:32","modified_gmt":"2019-05-11T16:54:32","slug":"egy-rendes-fogadoora-es-szuloi-egy-atlag-norveg-iskolaban","status":"publish","type":"post","link":"https:\/\/hellonorvegia.devengo.hu\/?p=177","title":{"rendered":"Egy rendes fogad\u00f3\u00f3ra \u00e9s sz\u00fcl\u0151i egy \u00e1tlag norv\u00e9g iskol\u00e1ban"},"content":{"rendered":"\n<p>Na, ezen is t\u00fal vagyunk. Tal\u00e1lkoztunk Panka oszt\u00e1lyf\u0151n\u00f6k\u00e9vel, \u00e9s r\u00e9szt vett\u00fcnk az els\u0151 norv\u00e9g sz\u00fcl\u0151i \u00e9rtekezleten mind a k\u00e9t gyerekn\u00e9l.<br><\/p>\n\n\n\n<p><strong>Kezdj\u00fck a fogad\u00f3 \u00f3r\u00e1val:<\/strong> <\/p>\n\n\n\n<p>Mivel Panka szeptemberben v\u00e1ltani fog sulit,k\u00e9rdezt\u00fck Jan\u00e1val Panka oszt\u00e1lyf\u0151n\u00f6k\u00e9t, hogy van-e valami k\u00fcl\u00f6nbs\u00e9g az iskol\u00e1k k\u00f6z\u00f6tt, ami miatt \u00e9rdemesebb lenne (mint otthon Mo-n) m\u00e1sik iskol\u00e1ba \u00edratni \u00e9s nem a k\u00f6rzet k\u00f6z\u00e9piskol\u00e1ba. Mondta, hogy itt nincsenek igaz\u00e1b\u00f3l k\u00fcl\u00f6nbs\u00e9gek az iskol\u00e1k k\u00f6z\u00f6tt. Mindegyik j\u00f3. Max, annyi a k\u00fcl\u00f6nbs\u00e9g, hogy itt a t\u00e1rsas\u00e1g sokkal homog\u00e9nabb, mint m\u00e1s iskol\u00e1kban. mivel nem erre fel\u00e9 lakik a legt\u00f6bb k\u00fclf\u00f6ldi. Sz\u00f3val a suli j\u00f3, \u00e9s szeptemberben plusz egy nyelvet kell tanulnia az angol mellett, ami most neki a n\u00e9met lesz, mert legal\u00e1bb azzal nem kell vesz\u0151dnie, \u00e9s jobban tud a norv\u00e9gra, \u00e9s az angolra koncentr\u00e1lni.<br><\/p>\n\n\n\n<p><strong>Sz\u00fcl\u0151i \u00e9rtekezlet:<\/strong><\/p>\n\n\n\n<p>Mind a k\u00e9t gyerekn\u00e9l \u00fagy kezd\u0151d\u00f6tt, hogy el\u0151sz\u00f6r az adott \u00e9vfolyamnak volt egy k\u00f6z\u00f6s, kb egy \u00f3r\u00e1s t\u00e1j\u00e9koztat\u00f3 a tornateremben, azt\u00e1n bement\u00fcnk az oszt\u00e1lyba. Pank\u00e1\u00e9kn\u00e1l \u00e9s a Norm\u00f3\u00e9kn\u00e1l k\u00fcl\u00f6n bemutattak minket a sz\u00fcl\u0151nek. (Szuper volt, amikor mindenki t\u00e9ged figyel, te pedig pr\u00f3b\u00e1lsz szimpatikus arcot v\u00e1gni \ud83d\ude42 ). Pank\u00e1n\u00e1l a sz\u00fcl\u0151i munkak\u00f6z\u00f6ss\u00e9gis anyuka azt javasolta, hogy akkor angolul folytass\u00e1k a megbesz\u00e9l\u00e9st, hogy mi is \u00e9rts\u00fck. Olyan figyelmesek sokszor. Norm\u00f3n\u00e1l ink\u00e1bb norv\u00e9gul dum\u00e1ltak, de egy anyuka v\u00e1llalta, hogy ford\u00edtja angolra a fontosabb dolgokat. V\u00e9g\u00fcl azt\u00e1n a Norm\u00f3 oszt\u00e1ly\u00e1ban lev\u0151 SZMK-s anyuka r\u00e1m\u00edrt a munkahelyemen (ja, igen kider\u00fclt egy helyen dolgozunk), hogy fussunk \u00f6ssze egy k\u00e1v\u00e9ra, \u00e9s majd elmond nekem minden fontos inf\u00f3t. Annyira j\u00f3 fej volt! \ud83d\ude42<br>Am\u00fagy, ami mindk\u00e9t gyerekn\u00e9l az volt a &nbsp;jellemz\u0151 a sz\u00fcl\u0151i \u00e9rtekezleten, hogy d\u00e9lut\u00e1n 6-kor kezd\u0151d\u00f6tt (hogy mindenki munka ut\u00e1n oda tudjon \u00e9rni), \u00e9s mivel 2 \u00f3r\u00e1sra volt meghirdetve, pontban 8-kor be is fejezt\u00e9k. \ud83d\ude42<br><\/p>\n","protected":false},"excerpt":{"rendered":"<p>Na, ezen is t\u00fal vagyunk. Tal\u00e1lkoztunk Panka oszt\u00e1lyf\u0151n\u00f6k\u00e9vel, \u00e9s r\u00e9szt vett\u00fcnk az els\u0151 norv\u00e9g sz\u00fcl\u0151i \u00e9rtekezleten mind a k\u00e9t gyerekn\u00e9l. Kezdj\u00fck a fogad\u00f3 \u00f3r\u00e1val: Mivel Panka szeptemberben v\u00e1ltani fog sulit,k\u00e9rdezt\u00fck Jan\u00e1val Panka oszt\u00e1lyf\u0151n\u00f6k\u00e9t, hogy van-e valami k\u00fcl\u00f6nbs\u00e9g az iskol\u00e1k k\u00f6z\u00f6tt, ami miatt \u00e9rdemesebb lenne (mint otthon Mo-n) m\u00e1sik iskol\u00e1ba \u00edratni \u00e9s nem a k\u00f6rzet k\u00f6z\u00e9piskol\u00e1ba. [&hellip;]<\/p>\n","protected":false},"author":2,"featured_media":0,"comment_status":"open","ping_status":"open","sticky":false,"template":"","format":"standard","meta":{"footnotes":""},"categories":[1],"tags":[],"class_list":["post-177","post","type-post","status-publish","format-standard","hentry","category-uncategorized"],"_links":{"self":[{"href":"https:\/\/hellonorvegia.devengo.hu\/index.php?rest_route=\/wp\/v2\/posts\/177","targetHints":{"allow":["GET"]}}],"collection":[{"href":"https:\/\/hellonorvegia.devengo.hu\/index.php?rest_route=\/wp\/v2\/posts"}],"about":[{"href":"https:\/\/hellonorvegia.devengo.hu\/index.php?rest_route=\/wp\/v2\/types\/post"}],"author":[{"embeddable":true,"href":"https:\/\/hellonorvegia.devengo.hu\/index.php?rest_route=\/wp\/v2\/users\/2"}],"replies":[{"embeddable":true,"href":"https:\/\/hellonorvegia.devengo.hu\/index.php?rest_route=%2Fwp%2Fv2%2Fcomments&post=177"}],"version-history":[{"count":1,"href":"https:\/\/hellonorvegia.devengo.hu\/index.php?rest_route=\/wp\/v2\/posts\/177\/revisions"}],"predecessor-version":[{"id":178,"href":"https:\/\/hellonorvegia.devengo.hu\/index.php?rest_route=\/wp\/v2\/posts\/177\/revisions\/178"}],"wp:attachment":[{"href":"https:\/\/hellonorvegia.devengo.hu\/index.php?rest_route=%2Fwp%2Fv2%2Fmedia&parent=177"}],"wp:term":[{"taxonomy":"category","embeddable":true,"href":"https:\/\/hellonorvegia.devengo.hu\/index.php?rest_route=%2Fwp%2Fv2%2Fcategories&post=177"},{"taxonomy":"post_tag","embeddable":true,"href":"https:\/\/hellonorvegia.devengo.hu\/index.php?rest_route=%2Fwp%2Fv2%2Ftags&post=177"}],"curies":[{"name":"wp","href":"https:\/\/api.w.org\/{rel}","templated":true}]}}