{"id":179,"date":"2019-05-16T15:14:52","date_gmt":"2019-05-16T13:14:52","guid":{"rendered":"https:\/\/hellonorvegia.devengo.hu\/?p=179"},"modified":"2019-05-16T15:14:52","modified_gmt":"2019-05-16T13:14:52","slug":"follow-up","status":"publish","type":"post","link":"https:\/\/hellonorvegia.devengo.hu\/?p=179","title":{"rendered":"Follow up"},"content":{"rendered":"\n<p>\u00cdrt nek\u00fcnk m\u00faltkor Norm\u00f3 tan\u00e1r n\u00e9nije az el\u0151z\u0151 iskol\u00e1b\u00f3l, hogy fogad\u00f3 \u00f3r\u00e1ra kell menn\u00fcnk a mostani sulij\u00e1ba, ahol a k\u00e9t tan\u00e1r n\u00e9ni (a mostani, \u00e9s a r\u00e9gi) \u00f6ssze\u00fcl, \u00e9s megbesz\u00e9lj\u00fck,hogy a Norm\u00f3 hogyan halad az \u00faj k\u00f6z\u00f6ss\u00e9gben. Ezen a megbesz\u00e9l\u00e9sen a Norbi most kiv\u00e9telesen nem volt, de ahogy ismerem \u00fagyis csak unta volna mag\u00e1t. \ud83d\ude42<br>Sz\u00f3val ott tartottam, hogy \u00fclt\u00fcnk Jan\u00e1val a megbesz\u00e9l\u00e9sen, \u00e9s csak nagy szemekkel figyeltem, hogy a volt oszt\u00e1lyf\u0151n\u00f6k\u00e9t (Marianne) els\u0151sorban az \u00e9rdekelte, hogy Norm\u00f3nak mennyire siker\u00fclt beilleszkednie, vannak-e bar\u00e1tai? Felh\u00edvta a mostani oszt\u00e1lyf\u0151n\u00f6ke (Evelyn) figyelm\u00e9t, hogy figyeljenek oda, hogy tov\u00e1bbra is haverkodjanak a Norbival, illetve k\u00e9rdezze meg a sz\u00fcl\u0151ket, hogy iskola ut\u00e1n a fi\u00fak mit sportolnak, hogy, ha akar a Norm\u00f3, akkor j\u00e1rhatna egy\u00fctt oda az oszt\u00e1lyt\u00e1rsaival. Annyira hihetetlen volt, hogy nem csak az sz\u00e1m\u00edtott, hogy hogy megy neki a tanul\u00e1s, hanem els\u0151sorban, hogy lelkileg j\u00f3l b\u00edrja-e az iskolav\u00e1lt\u00e1st. Illetve folyamatosan sorolta, hogy milyen plusz seg\u00edts\u00e9get lehetne m\u00e9g neki adni a tanul\u00e1sban. Pl. az angolban, amit a gyerekek m\u00e1r 4 \u00e9ve tanulnak, a Norm\u00f3 meg most kapcsol\u00f3dott be, de az\u00e9rt, hogy az alapokat is megtanulja, k\u00fcl\u00f6n tan\u00e1r fog vele foglalkozni. <br>Szerencs\u00e9re az oszt\u00e1lyk\u00f6z\u00f6ss\u00e9g is nagyon j\u00f3. M\u00e9g febru\u00e1rban, amikor a Norm\u00f3 m\u00e9g csak \u00e9pp elkezdett j\u00e1rni a suliba, a gyerekek Valentin nap alkalm\u00e1b\u00f3l \u00edrtak neki egy p\u00e1r sort magyarul!, \u00e9s elrejtett\u00e9k a t\u00e1sk\u00e1j\u00e1ba. Annyira cukik voltak! <br><\/p>\n\n\n\n<figure class=\"wp-block-image\"><img loading=\"lazy\" decoding=\"async\" width=\"2448\" height=\"3264\" src=\"https:\/\/hellonorvegia.devengo.hu\/wp-content\/uploads\/2019\/05\/IMG_20190215_202201.jpg\" alt=\"\" class=\"wp-image-180\"\/><figcaption>btr<\/figcaption><\/figure>\n","protected":false},"excerpt":{"rendered":"<p>\u00cdrt nek\u00fcnk m\u00faltkor Norm\u00f3 tan\u00e1r n\u00e9nije az el\u0151z\u0151 iskol\u00e1b\u00f3l, hogy fogad\u00f3 \u00f3r\u00e1ra kell menn\u00fcnk a mostani sulij\u00e1ba, ahol a k\u00e9t tan\u00e1r n\u00e9ni (a mostani, \u00e9s a r\u00e9gi) \u00f6ssze\u00fcl, \u00e9s megbesz\u00e9lj\u00fck,hogy a Norm\u00f3 hogyan halad az \u00faj k\u00f6z\u00f6ss\u00e9gben. Ezen a megbesz\u00e9l\u00e9sen a Norbi most kiv\u00e9telesen nem volt, de ahogy ismerem \u00fagyis csak unta volna mag\u00e1t. \ud83d\ude42Sz\u00f3val [&hellip;]<\/p>\n","protected":false},"author":2,"featured_media":0,"comment_status":"open","ping_status":"open","sticky":false,"template":"","format":"standard","meta":{"footnotes":""},"categories":[1],"tags":[],"class_list":["post-179","post","type-post","status-publish","format-standard","hentry","category-uncategorized"],"_links":{"self":[{"href":"https:\/\/hellonorvegia.devengo.hu\/index.php?rest_route=\/wp\/v2\/posts\/179","targetHints":{"allow":["GET"]}}],"collection":[{"href":"https:\/\/hellonorvegia.devengo.hu\/index.php?rest_route=\/wp\/v2\/posts"}],"about":[{"href":"https:\/\/hellonorvegia.devengo.hu\/index.php?rest_route=\/wp\/v2\/types\/post"}],"author":[{"embeddable":true,"href":"https:\/\/hellonorvegia.devengo.hu\/index.php?rest_route=\/wp\/v2\/users\/2"}],"replies":[{"embeddable":true,"href":"https:\/\/hellonorvegia.devengo.hu\/index.php?rest_route=%2Fwp%2Fv2%2Fcomments&post=179"}],"version-history":[{"count":1,"href":"https:\/\/hellonorvegia.devengo.hu\/index.php?rest_route=\/wp\/v2\/posts\/179\/revisions"}],"predecessor-version":[{"id":181,"href":"https:\/\/hellonorvegia.devengo.hu\/index.php?rest_route=\/wp\/v2\/posts\/179\/revisions\/181"}],"wp:attachment":[{"href":"https:\/\/hellonorvegia.devengo.hu\/index.php?rest_route=%2Fwp%2Fv2%2Fmedia&parent=179"}],"wp:term":[{"taxonomy":"category","embeddable":true,"href":"https:\/\/hellonorvegia.devengo.hu\/index.php?rest_route=%2Fwp%2Fv2%2Fcategories&post=179"},{"taxonomy":"post_tag","embeddable":true,"href":"https:\/\/hellonorvegia.devengo.hu\/index.php?rest_route=%2Fwp%2Fv2%2Ftags&post=179"}],"curies":[{"name":"wp","href":"https:\/\/api.w.org\/{rel}","templated":true}]}}