{"id":183,"date":"2019-05-19T12:03:43","date_gmt":"2019-05-19T10:03:43","guid":{"rendered":"https:\/\/hellonorvegia.devengo.hu\/?p=183"},"modified":"2019-05-19T18:40:16","modified_gmt":"2019-05-19T16:40:16","slug":"majus-17-norvegia-nemzeti-unnepe-vagy-ahogy-ok-hivjak-syttende-mai","status":"publish","type":"post","link":"https:\/\/hellonorvegia.devengo.hu\/?p=183","title":{"rendered":"M\u00e1jus 17. Norv\u00e9gia nemzeti \u00fcnnepe, vagy ahogy \u0151k h\u00edvj\u00e1k Syttende Mai"},"content":{"rendered":"\n<p>P\u00e9nteken v\u00e9gre megtudhattuk, hogy mik\u00e9nt is \u00fcnneplik a norv\u00e9gok az 1814. m\u00e1jus 17-\u00e9n elfogadott Alkotm\u00e1nyukat. Aki szeretn\u00e9 az eg\u00e9sznek a t\u00f6rt\u00e9nelmi h\u00e1tter\u00e9t megtudni, itt tal\u00e1l erre vonatkoz\u00f3an inform\u00e1ci\u00f3t: <a href=\"https:\/\/hu.wikipedia.org\/wiki\/Norv%C3%A9gia_alkotm%C3%A1nya\">https:\/\/hu.wikipedia.org\/wiki\/Norv%C3%A9gia_alkotm%C3%A1nya<\/a><br>\u00c9n ink\u00e1bb most arr\u00f3l \u00edrn\u00e9k, hogy mi, hogyan \u00e9lt\u00fck meg testk\u00f6zelb\u0151l az \u00fcnnepl\u00e9st. M\u00e1r hetekkel a nagy nap el\u0151tt besz\u00e9dt\u00e9ma volt a munkahelyen is, hogy ki mit fog csin\u00e1lni a jeles napon, mert ez a nap, itt nem csak arr\u00f3l sz\u00f3l, hogy az iskol\u00e1sok v\u00e9gig vonulnak egy\u00fctt z\u00e1szl\u00f3t lobogtatva az utc\u00e1n. Ilyenkor a norv\u00e9gok nagy r\u00e9sze b\u00fcszk\u00e9n felveszi n\u00e9pviselet\u00fcket, amit BUNAD-nak h\u00edvnak. Az utc\u00e1n mindenhol sz\u00e9pen ki\u00f6lt\u00f6z\u00f6tt embereket lehetett v\u00e9gig l\u00e1tni, amit a k\u00fcl\u00f6nb\u00f6z\u0151 Bunad-ok m\u00e9g sz\u00ednesebb\u00e9 tettek. Az \u00e1ltal\u00e1nos iskol\u00e1soknak \u00e1ltal\u00e1ban 10-kor kezd\u0151dik a program, amikor az igazgat\u00f3 k\u00f6sz\u00f6nt\u0151 besz\u00e9de ut\u00e1n, minden oszt\u00e1ly egy\u00fctt v\u00e9gig vonul a k\u00f6rny\u00e9ken, z\u00e1szl\u00f3kat lengetve, f\u00fav\u00f3s zenekar k\u00eds\u00e9ret\u00e9ben, majd a v\u00e9g\u00e9n a sulin\u00e1l v\u00e1rj\u00e1k \u0151ket ism\u00e9t a sz\u00fcl\u0151k. Ut\u00e1na j\u00e1t\u00e9kos feladatokban vehetnek r\u00e9szt, majd 2-kor v\u00e9ge az \u00fcnneps\u00e9gnek. De csak a sulisnak, mert ilyenkor itt az a hagyom\u00e1ny, hogy csal\u00e1dok, bar\u00e1tok j\u00f6nnek \u00f6ssze \u00e9s egy\u00fctt \u00fcnnepelnek, buliznak tov\u00e1bb. D\u00e9lut\u00e1n m\u00e9g bes\u00e9t\u00e1ltunk a k\u00f6zpontba, mert vir\u00e1gfelvonul\u00e1s (blomstertog) volt. \u00datk\u00f6zben l\u00e1thattuk, ahogyan a norv\u00e9gok partiztak a kertekben, szerencs\u00e9re nagyon j\u00f3 id\u0151nk volt. Az az igazs\u00e1g, hogy ez volt az els\u0151 olyan orsz\u00e1g, ahol \u00e9n azt l\u00e1ttam, hogy az emberek t\u00e9nyleg \u00fcnnepelnek a nemzeti \u00fcnnep\u00fck\u00f6n. <br><\/p>\n\n\n\n<ul class=\"wp-block-gallery columns-1 is-cropped wp-block-gallery-1 is-layout-flex wp-block-gallery-is-layout-flex\"><li class=\"blocks-gallery-item\"><figure><img loading=\"lazy\" decoding=\"async\" width=\"1280\" height=\"960\" src=\"https:\/\/hellonorvegia.devengo.hu\/wp-content\/uploads\/2019\/05\/IMG_0311.jpg\" alt=\"\" data-id=\"184\" data-link=\"https:\/\/hellonorvegia.devengo.hu\/?attachment_id=184\" class=\"wp-image-184\"\/><\/figure><\/li><\/ul>\n\n\n\n<p>Norm\u00f3t persze siker\u00fclt napk\u00f6zben k\u00e9tszer is elhagynunk, de szerencs\u00e9re mindig meg lett, mert mindig visszament oda, ahol utolj\u00e1ra l\u00e1tott minket, \u00e9s ott v\u00e1rt r\u00e1nk. M\u00e1skor beleteszem a zseb\u00e9be a telefont, \u00e9s majd GPS-en k\u00f6vetem. <br><\/p>\n","protected":false},"excerpt":{"rendered":"<p>P\u00e9nteken v\u00e9gre megtudhattuk, hogy mik\u00e9nt is \u00fcnneplik a norv\u00e9gok az 1814. m\u00e1jus 17-\u00e9n elfogadott Alkotm\u00e1nyukat. Aki szeretn\u00e9 az eg\u00e9sznek a t\u00f6rt\u00e9nelmi h\u00e1tter\u00e9t megtudni, itt tal\u00e1l erre vonatkoz\u00f3an inform\u00e1ci\u00f3t: https:\/\/hu.wikipedia.org\/wiki\/Norv%C3%A9gia_alkotm%C3%A1nya\u00c9n ink\u00e1bb most arr\u00f3l \u00edrn\u00e9k, hogy mi, hogyan \u00e9lt\u00fck meg testk\u00f6zelb\u0151l az \u00fcnnepl\u00e9st. M\u00e1r hetekkel a nagy nap el\u0151tt besz\u00e9dt\u00e9ma volt a munkahelyen is, hogy ki mit [&hellip;]<\/p>\n","protected":false},"author":2,"featured_media":0,"comment_status":"open","ping_status":"open","sticky":false,"template":"","format":"standard","meta":{"footnotes":""},"categories":[1],"tags":[],"class_list":["post-183","post","type-post","status-publish","format-standard","hentry","category-uncategorized"],"_links":{"self":[{"href":"https:\/\/hellonorvegia.devengo.hu\/index.php?rest_route=\/wp\/v2\/posts\/183","targetHints":{"allow":["GET"]}}],"collection":[{"href":"https:\/\/hellonorvegia.devengo.hu\/index.php?rest_route=\/wp\/v2\/posts"}],"about":[{"href":"https:\/\/hellonorvegia.devengo.hu\/index.php?rest_route=\/wp\/v2\/types\/post"}],"author":[{"embeddable":true,"href":"https:\/\/hellonorvegia.devengo.hu\/index.php?rest_route=\/wp\/v2\/users\/2"}],"replies":[{"embeddable":true,"href":"https:\/\/hellonorvegia.devengo.hu\/index.php?rest_route=%2Fwp%2Fv2%2Fcomments&post=183"}],"version-history":[{"count":3,"href":"https:\/\/hellonorvegia.devengo.hu\/index.php?rest_route=\/wp\/v2\/posts\/183\/revisions"}],"predecessor-version":[{"id":188,"href":"https:\/\/hellonorvegia.devengo.hu\/index.php?rest_route=\/wp\/v2\/posts\/183\/revisions\/188"}],"wp:attachment":[{"href":"https:\/\/hellonorvegia.devengo.hu\/index.php?rest_route=%2Fwp%2Fv2%2Fmedia&parent=183"}],"wp:term":[{"taxonomy":"category","embeddable":true,"href":"https:\/\/hellonorvegia.devengo.hu\/index.php?rest_route=%2Fwp%2Fv2%2Fcategories&post=183"},{"taxonomy":"post_tag","embeddable":true,"href":"https:\/\/hellonorvegia.devengo.hu\/index.php?rest_route=%2Fwp%2Fv2%2Ftags&post=183"}],"curies":[{"name":"wp","href":"https:\/\/api.w.org\/{rel}","templated":true}]}}