{"id":190,"date":"2019-06-05T21:16:12","date_gmt":"2019-06-05T19:16:12","guid":{"rendered":"https:\/\/hellonorvegia.devengo.hu\/?p=190"},"modified":"2019-06-05T21:16:12","modified_gmt":"2019-06-05T19:16:12","slug":"kisvakond","status":"publish","type":"post","link":"https:\/\/hellonorvegia.devengo.hu\/?p=190","title":{"rendered":"Kisvakond"},"content":{"rendered":"\n<p>Im\u00e1dtam m\u00e1r gyerekkoromban. Azt\u00e1n m\u00e9g jobban szerettem, amikor Pank\u00e1nak a kedvenc pl\u00fcss \u00e1llatk\u00e1ja a Kisvakond lett, amit m\u00e9g a Jan\u00e1t\u00f3l kaptam. De \u0150 csak, \u00fagy h\u00edvta, hogy Bub\u00e1. Persze a kisvakond csak a rajzfilmben cuki. Amikor ap\u00f3som \u00e9ppen arr\u00f3l k\u00fcld\u00f6tt k\u00e9pet nek\u00fcnk, hogy otthon a kert\u00fcnkben \u00e9ppen egy vakond rendetlenkedik, nem \u00f6r\u00fcltem neki. Mivel a macsk\u00e1nk f\u0151leg a szomsz\u00e9dban tengeti az \u00e9let\u00e9t, ez\u00e9rt m\u00e9g nem volt olyan kedves, hogy levad\u00e1ssza nek\u00fcnk.<br>Sz\u00f3val, egyik eb\u00e9d alkalm\u00e1val \u00e9pp mes\u00e9ltem a koll\u00e9g\u00e1imnak, hogy otthon egy vakond van a kert\u00fcnkben. Majd n\u00e9ztek r\u00e1m nagy szemekkel, \u00e9s nem \u00e9rtett\u00e9k, hogy mir\u0151l besz\u00e9lek. Gondoltam biztos rosszul magyar\u00e1zom, hogy mi is az a vakond. \u00dagyhogy seg\u00edts\u00e9g\u00fcl h\u00edvtam a Google ford\u00edt\u00f3t, meg mutattam k\u00e9pet is a vakondr\u00f3l. Azt\u00e1n mondt\u00e1k, hogy \u0151k ezt az \u00e1llatot nem ismerik, mert itt bizony ilyen nincsen, ahhoz itt t\u00fal hideg van t\u00e9len. \u00c9s val\u00f3ban, ut\u00e1na n\u00e9ztem egy kicsit, \u00e9s \u00c9szak-Eur\u00f3p\u00e1ban t\u00e9nyleg nincs vakond. M\u00e9g Sv\u00e9dorsz\u00e1g d\u00e9li r\u00e9sz\u00e9n megtal\u00e1lhat\u00f3, de ut\u00e1na \u00e9szakabbra m\u00e1r nem ismerik. <\/p>\n\n\n\n<figure class=\"wp-block-image\"><img loading=\"lazy\" decoding=\"async\" width=\"800\" height=\"531\" src=\"https:\/\/hellonorvegia.devengo.hu\/wp-content\/uploads\/2019\/06\/panka_20080420_085724.jpg\" alt=\"\" class=\"wp-image-191\"\/><\/figure>\n\n\n\n<p><br><\/p>\n","protected":false},"excerpt":{"rendered":"<p>Im\u00e1dtam m\u00e1r gyerekkoromban. Azt\u00e1n m\u00e9g jobban szerettem, amikor Pank\u00e1nak a kedvenc pl\u00fcss \u00e1llatk\u00e1ja a Kisvakond lett, amit m\u00e9g a Jan\u00e1t\u00f3l kaptam. De \u0150 csak, \u00fagy h\u00edvta, hogy Bub\u00e1. Persze a kisvakond csak a rajzfilmben cuki. Amikor ap\u00f3som \u00e9ppen arr\u00f3l k\u00fcld\u00f6tt k\u00e9pet nek\u00fcnk, hogy otthon a kert\u00fcnkben \u00e9ppen egy vakond rendetlenkedik, nem \u00f6r\u00fcltem neki. Mivel a [&hellip;]<\/p>\n","protected":false},"author":2,"featured_media":0,"comment_status":"open","ping_status":"open","sticky":false,"template":"","format":"standard","meta":{"footnotes":""},"categories":[1],"tags":[],"class_list":["post-190","post","type-post","status-publish","format-standard","hentry","category-uncategorized"],"_links":{"self":[{"href":"https:\/\/hellonorvegia.devengo.hu\/index.php?rest_route=\/wp\/v2\/posts\/190","targetHints":{"allow":["GET"]}}],"collection":[{"href":"https:\/\/hellonorvegia.devengo.hu\/index.php?rest_route=\/wp\/v2\/posts"}],"about":[{"href":"https:\/\/hellonorvegia.devengo.hu\/index.php?rest_route=\/wp\/v2\/types\/post"}],"author":[{"embeddable":true,"href":"https:\/\/hellonorvegia.devengo.hu\/index.php?rest_route=\/wp\/v2\/users\/2"}],"replies":[{"embeddable":true,"href":"https:\/\/hellonorvegia.devengo.hu\/index.php?rest_route=%2Fwp%2Fv2%2Fcomments&post=190"}],"version-history":[{"count":1,"href":"https:\/\/hellonorvegia.devengo.hu\/index.php?rest_route=\/wp\/v2\/posts\/190\/revisions"}],"predecessor-version":[{"id":192,"href":"https:\/\/hellonorvegia.devengo.hu\/index.php?rest_route=\/wp\/v2\/posts\/190\/revisions\/192"}],"wp:attachment":[{"href":"https:\/\/hellonorvegia.devengo.hu\/index.php?rest_route=%2Fwp%2Fv2%2Fmedia&parent=190"}],"wp:term":[{"taxonomy":"category","embeddable":true,"href":"https:\/\/hellonorvegia.devengo.hu\/index.php?rest_route=%2Fwp%2Fv2%2Fcategories&post=190"},{"taxonomy":"post_tag","embeddable":true,"href":"https:\/\/hellonorvegia.devengo.hu\/index.php?rest_route=%2Fwp%2Fv2%2Ftags&post=190"}],"curies":[{"name":"wp","href":"https:\/\/api.w.org\/{rel}","templated":true}]}}