{"id":194,"date":"2019-06-20T17:53:59","date_gmt":"2019-06-20T15:53:59","guid":{"rendered":"https:\/\/hellonorvegia.devengo.hu\/?p=194"},"modified":"2019-06-20T22:06:10","modified_gmt":"2019-06-20T20:06:10","slug":"kicsengettek","status":"publish","type":"post","link":"https:\/\/hellonorvegia.devengo.hu\/?p=194","title":{"rendered":"Kicsengettek"},"content":{"rendered":"\n<p>Hihetetlen, hogy ezen is t\u00fal vagyunk. A h\u00e9ten lesz v\u00e9ge az els\u0151 olyan iskolai \u00e9vnek, amit a gyerekeim egy idegen orsz\u00e1gban v\u00e9geztek el. Nem lehetett nekik k\u00f6nny\u0171. Az \u00e9v elej\u00e9n az els\u0151 h\u00f3napot m\u00e9g Magyarorsz\u00e1gon j\u00e1rt\u00e1k, tudva, hogy p\u00e1r h\u00e9t m\u00falva k\u00f6lt\u00f6z\u00fcnk. De akkor ez az eg\u00e9sz olyan hihetetlennek \u00e9s messzinek t\u0171nt. Eml\u00e9kszem, amikor mondtam nekik, hogy szinte \u00e9szre sem fogj\u00e1tok venni, \u00e9s j\u00f6v\u0151re ilyenkor m\u00e1r t\u00f6k\u00e9letesen fogj\u00e1tok tudni a norv\u00e9got. Persze az arcukra volt \u00edrva, hogy \u201cAha, persze\u2026!\u201d. Azt\u00e1n elj\u00f6tt az \u00e9vv\u00e9ge.<br><\/p>\n\n\n\n<p>Itt az iskol\u00e1kban nincsen k\u00fcl\u00f6n \u00e9vz\u00e1r\u00f3, \u00e9s \u00e1ltal\u00e1nosban (1-7. oszt\u00e1lyig) bizony\u00edtv\u00e1nyt sem kapnak, mert itt nincs olyan, hogy valaki megbukik. Aki le van maradva vagy nehezebben megy neki a tanul\u00e1s, azzal k\u00fcl\u00f6n foglalkoznak. Mondjuk ez a tan\u00e1roknak is nagy k\u00f6nnyebbs\u00e9g lehet szerintem, mert a t\u00f6bbiekkel nyugodtan tudnak haladni tov\u00e1bb az \u00f3r\u00e1n. Az \u00e9vz\u00e1r\u00f3 pedig abb\u00f3l \u00e1ll, hogy \u00e9vfolyamonk\u00e9nt k\u00fcl\u00f6n napon, egyik d\u00e9lut\u00e1n a gyerekek bemutatj\u00e1k a m\u0171sort a sz\u00fcl\u0151knek, amire m\u00e1r hetekkel el\u0151tte k\u00e9sz\u00fcltek. Ut\u00e1na minden oszt\u00e1ly k\u00fcl\u00f6n-k\u00fcl\u00f6n elvonul, \u00e9s s\u00fctiznek, k\u00e1v\u00e9znak, dum\u00e1lgatnak. Panka \u00e9vz\u00e1r\u00f3ja annyival volt k\u00fcl\u00f6nlegesebb, hogy az \u0151 oszt\u00e1lya el is ballagott, ez\u00e9rt a m\u0171sor az elm\u00falt 7 \u00e9vr\u0151l is sz\u00f3lt egy kicsit, illetve s\u00fctiz\u00e9s helyett vacsora volt egy klubh\u00e1z term\u00e9ben, amit erre a napra b\u00e9reltek ki. A vacsor\u00e1hoz pedig mindenki hozz\u00e1j\u00e1rult valamilyen \u00e9tellel.<br>Hihetetlen b\u00fcszke voltam mind a k\u00e9t gyerekre. Norm\u00f3 k\u00fcl\u00f6n szerepelt a sz\u00ednpadon egyik haverj\u00e1val. Valami vicces t\u00f6rt\u00e9netet adtak el\u0151, m\u00e9g szerencse, hogy a m\u0171sor el\u0151tt elmondta nekem, hogy mir\u0151l fog sz\u00f3lni. Legal\u00e1bb t\u00e9nyleg a csattan\u00f3n vigyorogtam, \u00e9s nem azon, hogy most \u00e9ppen baromira nem \u00e9rtettem semmit, de az\u00e9rt r\u00f6h\u00f6gj\u00fcnk, mert az vicces. \ud83d\ude42 Norm\u00f3 tan\u00e1ra mondta nekem k\u00e9s\u0151bb, hogy a Norbi a norv\u00e9got, m\u00e1r szinte t\u00f6k\u00e9letesen besz\u00e9li. N\u00e9ha m\u00e9g van egy kis nyelvtani hib\u00e1ja, de el vannak \u00e1julva att\u00f3l, hogy mennyire \u00fcgyes, \u00e9s okos. \ud83d\ude42<br>Panka tan\u00e1ra is le volt ny\u0171g\u00f6zve, hogy az elm\u00falt 2,5 h\u00f3nap alatt mennyire gyorsan fejl\u0151d\u00f6tt Panka norv\u00e9g tud\u00e1sa. Azt mondta, hogy t\u00f6k\u00e9letesen, \u00a0nagyon sz\u00e9p kiejt\u00e9ssel besz\u00e9l, \u00e9s a sz\u00f3kincse is rohamosan b\u0151v\u00fclt. Ez m\u00e9g sz\u00e1momra is hihetetlen, amit el\u00e9rtek majdnem 9 h\u00f3nap alatt. M\u00e9g egy \u00e9v sem kellett hozz\u00e1, hogy elsaj\u00e1t\u00edts\u00e1k a nyelvet.<br><\/p>\n\n\n\n<p>Jan\u00e1val most rajtunk a sor. A ny\u00e1ri szabi ut\u00e1n beiratkozunk itt egy &nbsp;nyelvtanfolyamra. Illetve a koll\u00e9g\u00e1im meg\u00edg\u00e9rt\u00e9k nekem, hogy seg\u00edteni fognak, \u00e9s norv\u00e9gul fognak hozz\u00e1m besz\u00e9lni, hogy tudjam \u00e9n is gyakorolni a nyelvet.<br>Egy h\u00e9t m\u00falva ilyenkor pedig m\u00e1r \u00fatban vagyunk haza Feh\u00e9rv\u00e1rra. \ud83d\ude42 <br><\/p>\n\n\n\n<figure class=\"wp-block-image\"><img loading=\"lazy\" decoding=\"async\" width=\"1535\" height=\"2046\" src=\"https:\/\/hellonorvegia.devengo.hu\/wp-content\/uploads\/2019\/06\/IMG_1014-COLLAGE.jpg\" alt=\"\" class=\"wp-image-195\"\/><\/figure>\n","protected":false},"excerpt":{"rendered":"<p>Hihetetlen, hogy ezen is t\u00fal vagyunk. A h\u00e9ten lesz v\u00e9ge az els\u0151 olyan iskolai \u00e9vnek, amit a gyerekeim egy idegen orsz\u00e1gban v\u00e9geztek el. Nem lehetett nekik k\u00f6nny\u0171. Az \u00e9v elej\u00e9n az els\u0151 h\u00f3napot m\u00e9g Magyarorsz\u00e1gon j\u00e1rt\u00e1k, tudva, hogy p\u00e1r h\u00e9t m\u00falva k\u00f6lt\u00f6z\u00fcnk. De akkor ez az eg\u00e9sz olyan hihetetlennek \u00e9s messzinek t\u0171nt. Eml\u00e9kszem, amikor mondtam [&hellip;]<\/p>\n","protected":false},"author":2,"featured_media":0,"comment_status":"open","ping_status":"open","sticky":false,"template":"","format":"standard","meta":{"footnotes":""},"categories":[1],"tags":[],"class_list":["post-194","post","type-post","status-publish","format-standard","hentry","category-uncategorized"],"_links":{"self":[{"href":"https:\/\/hellonorvegia.devengo.hu\/index.php?rest_route=\/wp\/v2\/posts\/194","targetHints":{"allow":["GET"]}}],"collection":[{"href":"https:\/\/hellonorvegia.devengo.hu\/index.php?rest_route=\/wp\/v2\/posts"}],"about":[{"href":"https:\/\/hellonorvegia.devengo.hu\/index.php?rest_route=\/wp\/v2\/types\/post"}],"author":[{"embeddable":true,"href":"https:\/\/hellonorvegia.devengo.hu\/index.php?rest_route=\/wp\/v2\/users\/2"}],"replies":[{"embeddable":true,"href":"https:\/\/hellonorvegia.devengo.hu\/index.php?rest_route=%2Fwp%2Fv2%2Fcomments&post=194"}],"version-history":[{"count":3,"href":"https:\/\/hellonorvegia.devengo.hu\/index.php?rest_route=\/wp\/v2\/posts\/194\/revisions"}],"predecessor-version":[{"id":199,"href":"https:\/\/hellonorvegia.devengo.hu\/index.php?rest_route=\/wp\/v2\/posts\/194\/revisions\/199"}],"wp:attachment":[{"href":"https:\/\/hellonorvegia.devengo.hu\/index.php?rest_route=%2Fwp%2Fv2%2Fmedia&parent=194"}],"wp:term":[{"taxonomy":"category","embeddable":true,"href":"https:\/\/hellonorvegia.devengo.hu\/index.php?rest_route=%2Fwp%2Fv2%2Fcategories&post=194"},{"taxonomy":"post_tag","embeddable":true,"href":"https:\/\/hellonorvegia.devengo.hu\/index.php?rest_route=%2Fwp%2Fv2%2Ftags&post=194"}],"curies":[{"name":"wp","href":"https:\/\/api.w.org\/{rel}","templated":true}]}}