{"id":200,"date":"2019-06-22T00:12:16","date_gmt":"2019-06-21T22:12:16","guid":{"rendered":"https:\/\/hellonorvegia.devengo.hu\/?p=200"},"modified":"2019-06-22T00:12:16","modified_gmt":"2019-06-21T22:12:16","slug":"megvilagosodunk","status":"publish","type":"post","link":"https:\/\/hellonorvegia.devengo.hu\/?p=200","title":{"rendered":"Megvil\u00e1gosodunk"},"content":{"rendered":"\n<p>Nem v\u00e9letlen, hogy m\u00e1ra id\u0151z\u00edtettem ezt a bejegyz\u00e9st, ugyanis ma van &nbsp;ny\u00e1ri napfordul\u00f3. Ilyenkor \u00e9szakabbra le sem megy a nap. A mi eset\u00fckben ez azt jelenti &#8211; a koll\u00e9g\u00e1im elmond\u00e1sa alapj\u00e1n -, hogy \u00e9jszaka nem lesz teljesen s\u00f6t\u00e9t, 22.45-kor fog lemenni a nap, \u00e9s 3.54-kor m\u00e1r ism\u00e9t arra \u00e9bredhetek, hogy a szemembe s\u00fct a nap.<\/p>\n\n\n\n<p>Igaz\u00e1b\u00f3l minden \u00e9vben, f\u00fcggetlen\u00fcl att\u00f3l, hogy otthon vagy itthon voltunk mindig v\u00e1rtam a tavaszt, \u00e9s a nyarat, amikor v\u00e9gre hosszabbak a nappalok. Itt viszont m\u00e1r nekem kicsit t\u00fal sok ez a nappali vil\u00e1goss\u00e1g. Tudom, tudom, most lehet mondani, hogy nekem semmi nem j\u00f3, de akkor is engem megkavar, hogy olyan sok\u00e1ig vil\u00e1gos van. Minden nap hulla f\u00e1radtan j\u00f6v\u00f6k dolgozni, mivel nem vagyok k\u00e9pes addig lefek\u00fcdni aludni, am\u00edg kint vil\u00e1gos van. Ez azt jelenti, hogy \u00e1ltal\u00e1ban nem sokkal \u00e9jf\u00e9l el\u0151tt alszom el, de sokszor arra \u00e9bredek nem sokkal 3 ut\u00e1n, hogy a f\u00fcgg\u00f6ny ellen\u00e9re a szemembe s\u00fct a nap. Jana m\u00e1r vett nekem szemtakar\u00f3t, amit ilyenkor magamra dobok.<br>A h\u00e9tv\u00e9g\u00e9n, ha j\u00f3 id\u0151 lesz, akkor este (hahahaha-nappali este), kiugrunk a tengerpartra, mert nem csak a sv\u00e9dekn\u00e9l (lsd Ikea rekl\u00e1m-Midsommer-le\u00e1raz\u00e1s), hanem itt is meg\u00fcnneplik a ny\u00e1ri napfordul\u00f3t Szent Iv\u00e1n \u00e9jszak\u00e1j\u00e1n t\u0171zgy\u00fajt\u00e1ssal a tengerparton.<br><\/p>\n\n\n\n<p>A lenti k\u00e9p \u00e9jf\u00e9lkor k\u00e9sz\u00fclt az erk\u00e9ly\u00fcnkr\u0151l.<\/p>\n\n\n\n<p><br><\/p>\n\n\n\n<figure class=\"wp-block-image\"><img loading=\"lazy\" decoding=\"async\" width=\"4032\" height=\"3024\" src=\"https:\/\/hellonorvegia.devengo.hu\/wp-content\/uploads\/2019\/06\/IMG_1124.jpg\" alt=\"\" class=\"wp-image-201\"\/><\/figure>\n","protected":false},"excerpt":{"rendered":"<p>Nem v\u00e9letlen, hogy m\u00e1ra id\u0151z\u00edtettem ezt a bejegyz\u00e9st, ugyanis ma van &nbsp;ny\u00e1ri napfordul\u00f3. Ilyenkor \u00e9szakabbra le sem megy a nap. A mi eset\u00fckben ez azt jelenti &#8211; a koll\u00e9g\u00e1im elmond\u00e1sa alapj\u00e1n -, hogy \u00e9jszaka nem lesz teljesen s\u00f6t\u00e9t, 22.45-kor fog lemenni a nap, \u00e9s 3.54-kor m\u00e1r ism\u00e9t arra \u00e9bredhetek, hogy a szemembe s\u00fct a nap. [&hellip;]<\/p>\n","protected":false},"author":2,"featured_media":0,"comment_status":"open","ping_status":"open","sticky":false,"template":"","format":"standard","meta":{"footnotes":""},"categories":[1],"tags":[],"class_list":["post-200","post","type-post","status-publish","format-standard","hentry","category-uncategorized"],"_links":{"self":[{"href":"https:\/\/hellonorvegia.devengo.hu\/index.php?rest_route=\/wp\/v2\/posts\/200","targetHints":{"allow":["GET"]}}],"collection":[{"href":"https:\/\/hellonorvegia.devengo.hu\/index.php?rest_route=\/wp\/v2\/posts"}],"about":[{"href":"https:\/\/hellonorvegia.devengo.hu\/index.php?rest_route=\/wp\/v2\/types\/post"}],"author":[{"embeddable":true,"href":"https:\/\/hellonorvegia.devengo.hu\/index.php?rest_route=\/wp\/v2\/users\/2"}],"replies":[{"embeddable":true,"href":"https:\/\/hellonorvegia.devengo.hu\/index.php?rest_route=%2Fwp%2Fv2%2Fcomments&post=200"}],"version-history":[{"count":1,"href":"https:\/\/hellonorvegia.devengo.hu\/index.php?rest_route=\/wp\/v2\/posts\/200\/revisions"}],"predecessor-version":[{"id":202,"href":"https:\/\/hellonorvegia.devengo.hu\/index.php?rest_route=\/wp\/v2\/posts\/200\/revisions\/202"}],"wp:attachment":[{"href":"https:\/\/hellonorvegia.devengo.hu\/index.php?rest_route=%2Fwp%2Fv2%2Fmedia&parent=200"}],"wp:term":[{"taxonomy":"category","embeddable":true,"href":"https:\/\/hellonorvegia.devengo.hu\/index.php?rest_route=%2Fwp%2Fv2%2Fcategories&post=200"},{"taxonomy":"post_tag","embeddable":true,"href":"https:\/\/hellonorvegia.devengo.hu\/index.php?rest_route=%2Fwp%2Fv2%2Ftags&post=200"}],"curies":[{"name":"wp","href":"https:\/\/api.w.org\/{rel}","templated":true}]}}