{"id":204,"date":"2019-08-06T18:48:27","date_gmt":"2019-08-06T16:48:27","guid":{"rendered":"https:\/\/hellonorvegia.devengo.hu\/?p=204"},"modified":"2019-08-06T18:48:27","modified_gmt":"2019-08-06T16:48:27","slug":"szempillantas","status":"publish","type":"post","link":"https:\/\/hellonorvegia.devengo.hu\/?p=204","title":{"rendered":"Szempillant\u00e1s"},"content":{"rendered":"\n<p>Hossz\u00fa id\u0151 ut\u00e1n, j\u00fanius v\u00e9g\u00e9n t\u00e9rt\u00fcnk vissza Magyarorsz\u00e1gra, \u00e9s majdnem 5 hetet voltunk otthon. Most visszagondolva, annyira gyorsan elr\u00f6ppent ez az id\u0151, pedig, amikor meg\u00e9rkezt\u00fcnk, akkor olyan t\u00e1volinak t\u0171nt a visszautaz\u00e1sunk id\u0151pontja.<br><\/p>\n\n\n\n<p>Eml\u00e9kszem, amikor 6 h\u00f3nap ut\u00e1n lekanyarodtunk az aut\u00f3p\u00e1ly\u00e1r\u00f3l, \u00e9s tudtuk, hogy m\u00e1r csak 1 \u00f3ra van h\u00e1tra a 29-30 \u00f3r\u00e1s \u00fatb\u00f3l, \u00e9s ism\u00e9t a h\u00e1zunkban lesz\u00fcnk. \u00c9rdekes, hogy amikor az ember ilyen sok\u00e1ig t\u00e1vol van a haz\u00e1j\u00e1t\u00f3l, olyan dolgokra is figyelmes lesz, ami m\u00e1skor fel sem t\u0171nik. Mennyire m\u00e1sok otthon az illatok, mennyire m\u00e1s a madarak csicserg\u00e9se\u2026\u00e9s milyen d\u00f6g meleg van\u2026 bakker a kocsiban nem m\u0171k\u00f6dik a l\u00e9gkondi\u2026.<br><\/p>\n\n\n\n<p>Amit tudtam bes\u0171r\u00edtettem ebbe az 5 h\u00e9tbe. A priorit\u00e1s a csal\u00e1d volt, \u00e9s nekem f\u0151leg most Anyu \u00e9s a nagypap\u00e1m, illetve m\u00e9g egy csom\u00f3 dolog, amit el akartam int\u00e9zni. Ez a r\u00e9sze a tervnek pipa\u2026 siker\u00fclt.<br><\/p>\n\n\n\n<p>A bar\u00e1tokkal val\u00f3 tal\u00e1lkoz\u00e1st els\u0151sorban \u00fagy tudtuk megoldani, hogy szervezt\u00fcnk egy bulit a h\u00e1zunkba. Sajnos akik nem tudtak elj\u00f6nni, azokkal nem is tudtunk v\u00e9g\u00fcl tal\u00e1lkozni. Egyszer\u0171en m\u00e1r nem f\u00e9rt bele. Egy h\u00e9t szabi ut\u00e1n m\u00e1r napk\u00f6zben itthonr\u00f3l dolgoztunk a Jan\u00e1val mind a ketten. \u00cdgy t\u00e9nyleg neh\u00e9z volt minden tervet megval\u00f3s\u00edtani, mint pl. t\u00f6bbet pihenni, a h\u00e9ten t\u00f6bbsz\u00f6r a Balcsira lemenni, kint a kertben heny\u00e9lni, m\u00e9g t\u00f6bb haverral tal\u00e1lkozni&#8230;<\/p>\n\n\n\n<p>Komolyan a v\u00e9g\u00e9re m\u00e1r annyira stresszelt, hogy nem jutott id\u0151m mindenre, hogy m\u00e1r v\u00e1rtam, hogy egy kicsit j\u00f6jj\u00fcnk vissza. Vegyes \u00e9rz\u00e9sek kavarodtak bennem eg\u00e9sz \u00faton hazafel\u00e9. Egyr\u00e9szt ott volt, hogy megint s\u00edrva b\u00facs\u00faztunk a csal\u00e1dunkt\u00f3l, \u00e9s persze megint ott van benn\u00fcnk a hi\u00e1ny\u00e9rzet, hogy most megint mindenki olyan messze van. M\u00e1sr\u00e9szt hirtelen lenyugodtam, hogy most csak magunkra kell ism\u00e9t figyelni, \u00e9s az a stressz, ami otthon volt, az elt\u0171nt. Szerencs\u00e9re a gyerekeknek sem okozott gondot, hogy ennyi h\u00e9t ut\u00e1n ism\u00e9t itt vagyunk \u00e9szakon. De valamit ki kell tal\u00e1lnom, hogy a Mo-n elt\u00f6lt\u00f6tt id\u0151t ne \u00e9ljem meg egy \u0151r\u00fclt rohan\u00e1sk\u00e9nt. Egyenl\u0151re m\u00e9g van id\u0151m kigondolni ezt az eg\u00e9szet, mert a legk\u00f6zelebb kar\u00e1csonykor j\u00f6v\u00fcnk haza. Val\u00f3sz\u00edn\u00fcleg el kell engednem, hogy ne akarjak mindent elint\u00e9zni, \u00e9s mindenkivel tal\u00e1lkozni. Ahogy ismerem magam nem lesz egyszer\u0171\u2026\u00a0<br>A lenti k\u00e9p pont egy hete k\u00e9sz\u00fclt.<\/p>\n\n\n\n<figure class=\"wp-block-image\"><img loading=\"lazy\" decoding=\"async\" width=\"4032\" height=\"3024\" src=\"https:\/\/hellonorvegia.devengo.hu\/wp-content\/uploads\/2019\/08\/IMG_2106.jpg\" alt=\"\" class=\"wp-image-205\"\/><\/figure>\n\n\n\n<p><\/p>\n\n\n\n<p><\/p>\n","protected":false},"excerpt":{"rendered":"<p>Hossz\u00fa id\u0151 ut\u00e1n, j\u00fanius v\u00e9g\u00e9n t\u00e9rt\u00fcnk vissza Magyarorsz\u00e1gra, \u00e9s majdnem 5 hetet voltunk otthon. Most visszagondolva, annyira gyorsan elr\u00f6ppent ez az id\u0151, pedig, amikor meg\u00e9rkezt\u00fcnk, akkor olyan t\u00e1volinak t\u0171nt a visszautaz\u00e1sunk id\u0151pontja. Eml\u00e9kszem, amikor 6 h\u00f3nap ut\u00e1n lekanyarodtunk az aut\u00f3p\u00e1ly\u00e1r\u00f3l, \u00e9s tudtuk, hogy m\u00e1r csak 1 \u00f3ra van h\u00e1tra a 29-30 \u00f3r\u00e1s \u00fatb\u00f3l, \u00e9s ism\u00e9t [&hellip;]<\/p>\n","protected":false},"author":2,"featured_media":0,"comment_status":"open","ping_status":"open","sticky":false,"template":"","format":"standard","meta":{"footnotes":""},"categories":[1],"tags":[],"class_list":["post-204","post","type-post","status-publish","format-standard","hentry","category-uncategorized"],"_links":{"self":[{"href":"https:\/\/hellonorvegia.devengo.hu\/index.php?rest_route=\/wp\/v2\/posts\/204","targetHints":{"allow":["GET"]}}],"collection":[{"href":"https:\/\/hellonorvegia.devengo.hu\/index.php?rest_route=\/wp\/v2\/posts"}],"about":[{"href":"https:\/\/hellonorvegia.devengo.hu\/index.php?rest_route=\/wp\/v2\/types\/post"}],"author":[{"embeddable":true,"href":"https:\/\/hellonorvegia.devengo.hu\/index.php?rest_route=\/wp\/v2\/users\/2"}],"replies":[{"embeddable":true,"href":"https:\/\/hellonorvegia.devengo.hu\/index.php?rest_route=%2Fwp%2Fv2%2Fcomments&post=204"}],"version-history":[{"count":1,"href":"https:\/\/hellonorvegia.devengo.hu\/index.php?rest_route=\/wp\/v2\/posts\/204\/revisions"}],"predecessor-version":[{"id":206,"href":"https:\/\/hellonorvegia.devengo.hu\/index.php?rest_route=\/wp\/v2\/posts\/204\/revisions\/206"}],"wp:attachment":[{"href":"https:\/\/hellonorvegia.devengo.hu\/index.php?rest_route=%2Fwp%2Fv2%2Fmedia&parent=204"}],"wp:term":[{"taxonomy":"category","embeddable":true,"href":"https:\/\/hellonorvegia.devengo.hu\/index.php?rest_route=%2Fwp%2Fv2%2Fcategories&post=204"},{"taxonomy":"post_tag","embeddable":true,"href":"https:\/\/hellonorvegia.devengo.hu\/index.php?rest_route=%2Fwp%2Fv2%2Ftags&post=204"}],"curies":[{"name":"wp","href":"https:\/\/api.w.org\/{rel}","templated":true}]}}