{"id":218,"date":"2019-09-02T18:57:26","date_gmt":"2019-09-02T16:57:26","guid":{"rendered":"https:\/\/hellonorvegia.devengo.hu\/?p=218"},"modified":"2019-09-08T20:51:45","modified_gmt":"2019-09-08T18:51:45","slug":"becsengettek","status":"publish","type":"post","link":"https:\/\/hellonorvegia.devengo.hu\/?p=218","title":{"rendered":"Becsengettek"},"content":{"rendered":"\n<p>N\u00e1lunk m\u00e1r 2 hete, hogy ism\u00e9t elkezd\u0151d\u00f6tt a tan\u00e9v. Ez Panka \u00e9let\u00e9ben jelentette a legnagyobb v\u00e1ltoz\u00e1st, mivel itt a 8. oszt\u00e1lyt\u00f3l kezdik az als\u00f3 k\u00f6z\u00e9piskol\u00e1t, \u00e9s ez iskolav\u00e1lt\u00e1st jelentett neki. Most m\u00e1r nem 5 percre van neki a suli, hanem kb 15-20 perc s\u00e9t\u00e1ra. Norm\u00f3 maradt persze m\u00e9g a r\u00e9gi suliban, de persze n\u00e1la is jelentek meg \u00fajdons\u00e1gok. \u00d6t\u00f6dik oszt\u00e1lyt\u00f3l m\u00e1r nincs napk\u00f6zi (SFO), ez\u00e9rt egyed\u00fcl j\u00e1r haza, illetve reggelente is m\u00e1r egyed\u00fcl megy suliba. Neki 8.30-kor kezd\u0151dik a nap, Pank\u00e1nak az els\u0151 \u00f3ra 8.50-kor van. Tal\u00e1n t\u00e9len pont szerencs\u00e9j\u00fck lesz, \u00e9s nem kell s\u00f6t\u00e9tben menni\u00fck a suliba. Na, majd megl\u00e1tjuk.<\/p>\n\n\n\n<p>\u00c9vnyit\u00f3:<\/p>\n\n\n\n<p>Ilyen itt nem l\u00e9tezik. Els\u0151 nap bemennek a gyerekek a suliba, megkapj\u00e1k az \u00f3rarendet, meg a f\u00fczeteket, amiben \u00edrni fognak. Igen, nem nek\u00fcnk kell megvenni. Annyira egyszer\u0171 volt id\u00e9n, hogy csak \u00faj uzsonn\u00e1s dobozt, n\u00e9h\u00e1ny \u00faj ceruz\u00e1t (b\u00e1r a suliban azt is kapnak), meg Norm\u00f3nak egy \u00faj tolltart\u00f3t kellett vennem. Nagyobb k\u00f6ltekez\u00e9s, \u00e9s az \u0151r\u00fclt tanszer v\u00e1s\u00e1rl\u00e1s id\u00e9n kimaradt az \u00e9let\u00fcnkb\u0151l. K\u00f6nyveket az el\u0151z\u0151 \u00e9vfolyamt\u00f3l kapt\u00e1l meg, amire kaptunk b\u0151ven id\u0151d, hogy bek\u00f6ss\u00fck. Otthon soha nem \u00e9rtettem, hogy mi\u00e9rt kell a sz\u00fcl\u0151ket h\u00e9tk\u00f6znap azzal k\u00ednozni, hogy a k\u00f6nyvek m\u00e1r m\u00e1snapra be legyenek k\u00f6tve. De komolyan, mi t\u00f6rt\u00e9nik ha a sz\u00fcl\u0151 megkapja a h\u00e9tv\u00e9g\u00e9t a k\u00f6nyvk\u00f6t\u00e9sre? Na, most v\u00e9gre megkaptam. \ud83d\ude42<br>A gyerekek els\u0151 hete azzal telt, hogy vissza szokjanak a suli k\u00f6zegbe, illetve Pank\u00e1\u00e9kn\u00e1l, hogy az \u00faj oszt\u00e1lyk\u00f6z\u00f6ss\u00e9g megismerje egym\u00e1st. Mind a ketten elmentek az oszt\u00e1llyal kir\u00e1ndulni egy napra, \u00e9s sz\u00e9pen lassan \u00e1lltak neki a tan\u00f3r\u00e1knak. Komolyan olyan j\u00f3 volt l\u00e1tni, hogy \u00edgy is lehet kezdeni egy tan\u00e9vet. Nyugisan \u00e9s stresszmentesen!<\/p>\n\n\n\n<ul class=\"wp-block-gallery columns-1 is-cropped wp-block-gallery-1 is-layout-flex wp-block-gallery-is-layout-flex\"><li class=\"blocks-gallery-item\"><figure><img loading=\"lazy\" decoding=\"async\" width=\"3264\" height=\"1632\" src=\"https:\/\/hellonorvegia.devengo.hu\/wp-content\/uploads\/2019\/09\/IMG_20190903_201237.jpg\" alt=\"\" data-id=\"221\" data-link=\"https:\/\/hellonorvegia.devengo.hu\/?attachment_id=221\" class=\"wp-image-221\"\/><\/figure><\/li><\/ul>\n","protected":false},"excerpt":{"rendered":"<p>N\u00e1lunk m\u00e1r 2 hete, hogy ism\u00e9t elkezd\u0151d\u00f6tt a tan\u00e9v. Ez Panka \u00e9let\u00e9ben jelentette a legnagyobb v\u00e1ltoz\u00e1st, mivel itt a 8. oszt\u00e1lyt\u00f3l kezdik az als\u00f3 k\u00f6z\u00e9piskol\u00e1t, \u00e9s ez iskolav\u00e1lt\u00e1st jelentett neki. Most m\u00e1r nem 5 percre van neki a suli, hanem kb 15-20 perc s\u00e9t\u00e1ra. Norm\u00f3 maradt persze m\u00e9g a r\u00e9gi suliban, de persze n\u00e1la is [&hellip;]<\/p>\n","protected":false},"author":2,"featured_media":0,"comment_status":"open","ping_status":"open","sticky":false,"template":"","format":"standard","meta":{"footnotes":""},"categories":[1],"tags":[],"class_list":["post-218","post","type-post","status-publish","format-standard","hentry","category-uncategorized"],"_links":{"self":[{"href":"https:\/\/hellonorvegia.devengo.hu\/index.php?rest_route=\/wp\/v2\/posts\/218","targetHints":{"allow":["GET"]}}],"collection":[{"href":"https:\/\/hellonorvegia.devengo.hu\/index.php?rest_route=\/wp\/v2\/posts"}],"about":[{"href":"https:\/\/hellonorvegia.devengo.hu\/index.php?rest_route=\/wp\/v2\/types\/post"}],"author":[{"embeddable":true,"href":"https:\/\/hellonorvegia.devengo.hu\/index.php?rest_route=\/wp\/v2\/users\/2"}],"replies":[{"embeddable":true,"href":"https:\/\/hellonorvegia.devengo.hu\/index.php?rest_route=%2Fwp%2Fv2%2Fcomments&post=218"}],"version-history":[{"count":2,"href":"https:\/\/hellonorvegia.devengo.hu\/index.php?rest_route=\/wp\/v2\/posts\/218\/revisions"}],"predecessor-version":[{"id":222,"href":"https:\/\/hellonorvegia.devengo.hu\/index.php?rest_route=\/wp\/v2\/posts\/218\/revisions\/222"}],"wp:attachment":[{"href":"https:\/\/hellonorvegia.devengo.hu\/index.php?rest_route=%2Fwp%2Fv2%2Fmedia&parent=218"}],"wp:term":[{"taxonomy":"category","embeddable":true,"href":"https:\/\/hellonorvegia.devengo.hu\/index.php?rest_route=%2Fwp%2Fv2%2Fcategories&post=218"},{"taxonomy":"post_tag","embeddable":true,"href":"https:\/\/hellonorvegia.devengo.hu\/index.php?rest_route=%2Fwp%2Fv2%2Ftags&post=218"}],"curies":[{"name":"wp","href":"https:\/\/api.w.org\/{rel}","templated":true}]}}