{"id":223,"date":"2019-09-08T20:55:52","date_gmt":"2019-09-08T18:55:52","guid":{"rendered":"https:\/\/hellonorvegia.devengo.hu\/?p=223"},"modified":"2019-09-08T20:55:52","modified_gmt":"2019-09-08T18:55:52","slug":"sykkeliade-avagy-csapatepites-norveg-modra","status":"publish","type":"post","link":"https:\/\/hellonorvegia.devengo.hu\/?p=223","title":{"rendered":"Sykkeliade (avagy csapat\u00e9p\u00edt\u00e9s norv\u00e9g m\u00f3dra)"},"content":{"rendered":"\n<p>Id\u00e9n tavasszal k\u00fcldt\u00e9k a megh\u00edv\u00f3t Norm\u00f3 oszt\u00e1lyt\u00e1rsainak a sz\u00fclei (facebook-on kereszt\u00fcl), hogy augusztusban bicikliz\u0151s, iv\u00f3s t\u00fara lesz, csak a sz\u00fcl\u0151knek, hogy m\u00e9g jobban \u00f6sszer\u00e1z\u00f3djon az oszt\u00e1ly sz\u00fcl\u0151i k\u00f6z\u00f6ss\u00e9ge. Id\u00e9n volt az \u00f6t\u00f6dik \u00e9ve, hogy ilyen t\u00far\u00e1t szerveztek.\u00a0 Jan\u00e1val nem igaz\u00e1n tudtuk mi fog r\u00e1nk v\u00e1rni, de szerencs\u00e9re az egyik anyuka, akivel egy munkahelyen vagyok, 2 nappal a buli el\u0151tt elmondta a programot.<\/p>\n\n\n\n<ol class=\"wp-block-list\"><li>Els\u0151k\u00f6rben gy\u00fclekez\u0151 17 \u00e9s 18 \u00f3ra k\u00f6z\u00f6tt a helyi kocsm\u00e1ban, ahova m\u00e1r biciklivel megy\u00fcnk. Na, ez a r\u00e9sze m\u00e1r tetszett a Jan\u00e1nak.<\/li><li>Ut\u00e1na 3 r\u00e9szre osztj\u00e1k a csapatot, ami \u00fagy t\u00f6rt\u00e9nik, hogy 18 \u00f3ra ut\u00e1n bor\u00edt\u00e9kbont\u00e1s \u00e9s akkor kider\u00fcl, hogy kikkel \u00e9s f\u0151k\u00e9nt kihez megy\u00fcnk el\u0151\u00e9telt enni. Nyilv\u00e1n akikhez ment\u00fcnk, \u0151k m\u00e1r tudt\u00e1k a szervez\u0151kt\u0151l, hogy kiket fognak vend\u00e9g\u00fcl l\u00e1tni. Jan\u00e1val itt k\u00fcl\u00f6n csoportba ker\u00fclt\u00fcnk \u00e9s biciklizt\u00fcnk a csapatunkkal. A vend\u00e9gl\u00e1t\u00f3kn\u00e1l r\u00f6gt\u00f6n el\u0151ker\u00fclt a pezsg\u0151, a bor \u00e9s persze a j\u00f3 magyar p\u00e1linka, ami ott lapult a h\u00e1tizs\u00e1kunkban. Itt kellett m\u00e9g valami j\u00e1t\u00e9kos feladatot teljes\u00edteni: <em>K\u00e9sz\u00edts f\u00e9nyk\u00e9pet a csapatr\u00f3l, valamilyen alakzatban!<\/em> Azt\u00e1n, ett\u00fcnk, ittunk, ismerkedt\u00fcnk, \u00e9s dum\u00e1lgattunk, meg nagyokat r\u00f6h\u00f6gt\u00fcnk.<\/li><li>Kb. m\u00e1sf\u00e9l \u00f3ra m\u00falva \u00fajabb bor\u00edt\u00e9kbont\u00e1s, \u00e9s akkor megtudtuk, hogy kihez megy\u00fcnk vacsor\u00e1zni. Itt megint \u00f6sszekevert\u00e9k a csapatokat, \u00e9s itt v\u00e9g\u00fcl egy csapatba ker\u00fcltem Jan\u00e1val. Itt is persze baromi j\u00f3 hangulat volt, j\u00e1vorszarvast ett\u00fcnk, \u00e9s bort meg persze p\u00e1link\u00e1t ittunk.&nbsp;<\/li><li>A v\u00e9g\u00e9n j\u00f6tt az utols\u00f3 bor\u00edt\u00e9k, akkor m\u00e1r este 10 \u00f3ra volt. Jana k\u00f6zben az egyik apuk\u00e1val nagyon egym\u00e1sra tal\u00e1ltak &#8211; majd j\u00f6nnek hozz\u00e1nk vend\u00e9gs\u00e9gbe j\u00f6v\u0151 h\u00e9ten.&nbsp;<\/li><\/ol>\n\n\n\n<p>Sz\u00f3val, akkor tudtuk meg, hogy kin\u00e9l fog \u00f6sszej\u00f6nni teljesen a nagy csapat, \u00e9s akkor kezd\u0151dhet a buli. Itt m\u00e1r volt aki be\u00f6lt\u00f6z\u00f6tt, meg el\u0151ker\u00fcltek a par\u00f3k\u00e1k is.\u00a0<br>Panka \u00e9jf\u00e9l k\u00f6r\u00fcl \u00edrt Jan\u00e1ra, hogy akkor m\u00e9gis mikor megy\u00fcnk haza, mert \u0151k aznap d\u00e9lut\u00e1n \u00e9s este teljesen egyed\u00fcl voltak otthon. K\u00f6z\u00f6lte, hogy \u0150 addig nem fekszik le aludni, ameddig nem megy\u00fcnk haza. M\u00e9g Anyu sem volt velem ilyen szigor\u00fa, amikor fiatalon bulizni j\u00e1rtam. Na, mindegy, fog \u0150 m\u00e9g menni bulizni, majd akkor visszakapja. \ud83d\ude42 Hahahahaha!!! V\u00e9g\u00fcl \u00e9n f\u00e9l 1-re \u00e9rtem haza, Jana meg \u00e9jszaka 3 \u00f3r\u00e1ra.<br>Ez egy nagyon j\u00f3l siker\u00fclt este volt! M\u00e1r r\u00e9gen nevettem ennyit! \ud83d\ude00<\/p>\n\n\n\n<figure class=\"wp-block-image\"><img loading=\"lazy\" decoding=\"async\" width=\"1380\" height=\"1036\" src=\"https:\/\/hellonorvegia.devengo.hu\/wp-content\/uploads\/2019\/09\/IMG_2713-COLLAGE.jpg\" alt=\"\" class=\"wp-image-224\"\/><\/figure>\n","protected":false},"excerpt":{"rendered":"<p>Id\u00e9n tavasszal k\u00fcldt\u00e9k a megh\u00edv\u00f3t Norm\u00f3 oszt\u00e1lyt\u00e1rsainak a sz\u00fclei (facebook-on kereszt\u00fcl), hogy augusztusban bicikliz\u0151s, iv\u00f3s t\u00fara lesz, csak a sz\u00fcl\u0151knek, hogy m\u00e9g jobban \u00f6sszer\u00e1z\u00f3djon az oszt\u00e1ly sz\u00fcl\u0151i k\u00f6z\u00f6ss\u00e9ge. Id\u00e9n volt az \u00f6t\u00f6dik \u00e9ve, hogy ilyen t\u00far\u00e1t szerveztek.\u00a0 Jan\u00e1val nem igaz\u00e1n tudtuk mi fog r\u00e1nk v\u00e1rni, de szerencs\u00e9re az egyik anyuka, akivel egy munkahelyen vagyok, 2 [&hellip;]<\/p>\n","protected":false},"author":2,"featured_media":0,"comment_status":"open","ping_status":"open","sticky":false,"template":"","format":"standard","meta":{"footnotes":""},"categories":[1],"tags":[],"class_list":["post-223","post","type-post","status-publish","format-standard","hentry","category-uncategorized"],"_links":{"self":[{"href":"https:\/\/hellonorvegia.devengo.hu\/index.php?rest_route=\/wp\/v2\/posts\/223","targetHints":{"allow":["GET"]}}],"collection":[{"href":"https:\/\/hellonorvegia.devengo.hu\/index.php?rest_route=\/wp\/v2\/posts"}],"about":[{"href":"https:\/\/hellonorvegia.devengo.hu\/index.php?rest_route=\/wp\/v2\/types\/post"}],"author":[{"embeddable":true,"href":"https:\/\/hellonorvegia.devengo.hu\/index.php?rest_route=\/wp\/v2\/users\/2"}],"replies":[{"embeddable":true,"href":"https:\/\/hellonorvegia.devengo.hu\/index.php?rest_route=%2Fwp%2Fv2%2Fcomments&post=223"}],"version-history":[{"count":1,"href":"https:\/\/hellonorvegia.devengo.hu\/index.php?rest_route=\/wp\/v2\/posts\/223\/revisions"}],"predecessor-version":[{"id":225,"href":"https:\/\/hellonorvegia.devengo.hu\/index.php?rest_route=\/wp\/v2\/posts\/223\/revisions\/225"}],"wp:attachment":[{"href":"https:\/\/hellonorvegia.devengo.hu\/index.php?rest_route=%2Fwp%2Fv2%2Fmedia&parent=223"}],"wp:term":[{"taxonomy":"category","embeddable":true,"href":"https:\/\/hellonorvegia.devengo.hu\/index.php?rest_route=%2Fwp%2Fv2%2Fcategories&post=223"},{"taxonomy":"post_tag","embeddable":true,"href":"https:\/\/hellonorvegia.devengo.hu\/index.php?rest_route=%2Fwp%2Fv2%2Ftags&post=223"}],"curies":[{"name":"wp","href":"https:\/\/api.w.org\/{rel}","templated":true}]}}