{"id":227,"date":"2019-09-29T20:33:17","date_gmt":"2019-09-29T18:33:17","guid":{"rendered":"https:\/\/hellonorvegia.devengo.hu\/?p=227"},"modified":"2019-09-29T20:33:17","modified_gmt":"2019-09-29T18:33:17","slug":"elroppent-egy-ev","status":"publish","type":"post","link":"https:\/\/hellonorvegia.devengo.hu\/?p=227","title":{"rendered":"Elr\u00f6ppent egy \u00e9v"},"content":{"rendered":"\n<p>Eg\u00e9sz h\u00e9ten olyan melank\u00f3likus hangulatban voltam, \u00e9s ez nem csak amiatt volt, hogy n\u00e1lunk a h\u00e9ten \u00fagy igaz\u00e1n bek\u00f6sz\u00f6nt\u00f6tt az \u0151sz, hanem mert most van egy \u00e9ve, hogy kik\u00f6lt\u00f6zt\u00fcnk Norv\u00e9gi\u00e1ba.<br>\u00c9pp Norm\u00f3 focimeccs\u00e9n \u00e1lltam \u00e9s mik\u00f6zben n\u00e9ztem a j\u00e1t\u00e9kot azon t\u0171n\u0151dtem, hogy egy \u00e9ve nem gondoltam volna, hogy itt fogok \u00e1llni ordib\u00e1lok a meccs k\u00f6zben (\u00e9n persze magyarul) a t\u00f6bbi sz\u00fcl\u0151vel egy\u00fctt a j\u00e1t\u00e9k hev\u00e9ben. \ud83d\ude42<br>Mennyi minden t\u00f6rt\u00e9nt egy \u00e9ve alatt, mennyit v\u00e1ltoztunk mi is, \u00e9s a k\u00f6r\u00fcl\u00f6tt\u00fcnk l\u00e9v\u0151 emberek is. Milyen sz\u00e9pen megmutatta ez a k\u00f6lt\u00f6z\u00e9s, hogy kik azok akik val\u00f3ban sz\u00edvb\u0151l drukkolnak \u00e9s \u00f6r\u00fclnek nek\u00fcnk, \u00e9s kik a s\u00e1p\u00edtoz\u00f3k, akiket jobb elengedni. M\u00faltkor megk\u00e9rdeztem a Jan\u00e1t, hogy szerinte k\u00f6nny\u0171 volt-e elk\u00f6lt\u00f6zni egy m\u00e1sik orsz\u00e1gba. R\u00f6gt\u00f6n r\u00e1v\u00e1gta, hogy IGEN, de most \u00edgy visszatekintve \u00e9n azt mondan\u00e1m, hogy \u201cnem\u201d. Azzal, hogy p\u00e1r nap ut\u00e1n az \u00e9let r\u00f6gt\u00f6n pr\u00f3ba el\u00e9 \u00e1ll\u00edtott, nem is nagyon eml\u00e9kszem az els\u0151 hetekre. Csak tettem a dolgom, \u00e9s tudtam, hogy er\u0151snek kell lennem a gyerekek miatt, mert az els\u0151 \u00e9vben az els\u0151dleges c\u00e9l az volt, hogy megszokj\u00e1k az \u00faj k\u00f6rnyezetet, megtanulj\u00e1k a nyelvet \u00e9s legyenek bar\u00e1taik. Pont ez\u00e9rt \u00e9rzelmileg er\u0151s sz\u00fcl\u0151re volt sz\u00fcks\u00e9g\u00fck, \u00e9s nem hagyhattam el magam az Apuval t\u00f6rt\u00e9ntek miatt.\u00a0Nagyon b\u00fcszk\u00e9k vagyunk a k\u00e9t gyerekre, ahogyan vett\u00e9k az akad\u00e1lyokat, amilyen \u00fcgyesen, t\u00f6k\u00e9letesen elsaj\u00e1t\u00edtott\u00e1k a nyelvet, kevesebb, mint egy \u00e9ven bel\u00fcl. Az iskol\u00e1ban mind a ketten j\u00f3l tanulnak, \u00e9s el\u00e9g gyorsan kezdik behozni a lemarad\u00e1sukat az angol nyelvb\u0151l is.\u00a0<br>Most a k\u00f6vetkez\u0151 \u00e9vben \u00faj c\u00e9ljaink vannak a Jan\u00e1val. Kezdj\u00fcnk el jobban szocializ\u00e1l\u00f3dni, \u00e9s j\u00f6v\u0151 ilyenkor m\u00e1r el\u00e9g j\u00f3 szinten besz\u00e9lj\u00fck mi is a nyelvet. L\u00e9p\u00e9sr\u0151l l\u00e9p\u00e9sre haladunk sz\u00e9pen, \u00e9s azt gondolom, ahhoz, hogy az \u00e9letben egy ekkora v\u00e1lt\u00e1st v\u00e9gig lehessen csin\u00e1lni, sz\u00fcks\u00e9g van egy er\u0151s, szeretetteljes kapcsolatra, mert egyed\u00fcl vagyunk idekint \u00e9s csak magunkra sz\u00e1m\u00edthatunk. Sokan k\u00e9rdezt\u00e9k t\u0151l\u00fcnk, hogy meddig maradunk. Ezt nem tudjuk, nem tervezt\u00fcnk ennyire el\u0151re. Majd megl\u00e1tjuk\u2026\u00a0<\/p>\n\n\n\n<p><\/p>\n\n\n\n<p>A k\u00f6vetkez\u0151 bejegyz\u00e9sben majd \u00f6ssze fogom szedni, hogy mik azok az itteni szok\u00e1sok, amik sz\u00e1munkra el\u0151sz\u00f6r furcs\u00e1k voltak, \u00e9s m\u00e1ra m\u00e1r a nagy r\u00e9sz\u00e9t megszoktuk. Illetve nemsok\u00e1ra a gyerekeket is meg fogom interj\u00favolni az elm\u00falt egy \u00e9vr\u0151l.<\/p>\n\n\n\n<p><br><\/p>\n\n\n\n<figure class=\"wp-block-image\"><img loading=\"lazy\" decoding=\"async\" width=\"942\" height=\"760\" src=\"https:\/\/hellonorvegia.devengo.hu\/wp-content\/uploads\/2019\/09\/IMG_3029.jpg\" alt=\"\" class=\"wp-image-228\"\/><\/figure>\n","protected":false},"excerpt":{"rendered":"<p>Eg\u00e9sz h\u00e9ten olyan melank\u00f3likus hangulatban voltam, \u00e9s ez nem csak amiatt volt, hogy n\u00e1lunk a h\u00e9ten \u00fagy igaz\u00e1n bek\u00f6sz\u00f6nt\u00f6tt az \u0151sz, hanem mert most van egy \u00e9ve, hogy kik\u00f6lt\u00f6zt\u00fcnk Norv\u00e9gi\u00e1ba.\u00c9pp Norm\u00f3 focimeccs\u00e9n \u00e1lltam \u00e9s mik\u00f6zben n\u00e9ztem a j\u00e1t\u00e9kot azon t\u0171n\u0151dtem, hogy egy \u00e9ve nem gondoltam volna, hogy itt fogok \u00e1llni ordib\u00e1lok a meccs k\u00f6zben (\u00e9n [&hellip;]<\/p>\n","protected":false},"author":2,"featured_media":0,"comment_status":"open","ping_status":"open","sticky":false,"template":"","format":"standard","meta":{"footnotes":""},"categories":[1],"tags":[],"class_list":["post-227","post","type-post","status-publish","format-standard","hentry","category-uncategorized"],"_links":{"self":[{"href":"https:\/\/hellonorvegia.devengo.hu\/index.php?rest_route=\/wp\/v2\/posts\/227","targetHints":{"allow":["GET"]}}],"collection":[{"href":"https:\/\/hellonorvegia.devengo.hu\/index.php?rest_route=\/wp\/v2\/posts"}],"about":[{"href":"https:\/\/hellonorvegia.devengo.hu\/index.php?rest_route=\/wp\/v2\/types\/post"}],"author":[{"embeddable":true,"href":"https:\/\/hellonorvegia.devengo.hu\/index.php?rest_route=\/wp\/v2\/users\/2"}],"replies":[{"embeddable":true,"href":"https:\/\/hellonorvegia.devengo.hu\/index.php?rest_route=%2Fwp%2Fv2%2Fcomments&post=227"}],"version-history":[{"count":1,"href":"https:\/\/hellonorvegia.devengo.hu\/index.php?rest_route=\/wp\/v2\/posts\/227\/revisions"}],"predecessor-version":[{"id":229,"href":"https:\/\/hellonorvegia.devengo.hu\/index.php?rest_route=\/wp\/v2\/posts\/227\/revisions\/229"}],"wp:attachment":[{"href":"https:\/\/hellonorvegia.devengo.hu\/index.php?rest_route=%2Fwp%2Fv2%2Fmedia&parent=227"}],"wp:term":[{"taxonomy":"category","embeddable":true,"href":"https:\/\/hellonorvegia.devengo.hu\/index.php?rest_route=%2Fwp%2Fv2%2Fcategories&post=227"},{"taxonomy":"post_tag","embeddable":true,"href":"https:\/\/hellonorvegia.devengo.hu\/index.php?rest_route=%2Fwp%2Fv2%2Ftags&post=227"}],"curies":[{"name":"wp","href":"https:\/\/api.w.org\/{rel}","templated":true}]}}