{"id":235,"date":"2019-10-18T17:06:38","date_gmt":"2019-10-18T15:06:38","guid":{"rendered":"https:\/\/hellonorvegia.devengo.hu\/?p=235"},"modified":"2019-10-18T17:07:25","modified_gmt":"2019-10-18T15:07:25","slug":"interju-a-gyerekekkel-mar-egy-eve-idekint","status":"publish","type":"post","link":"https:\/\/hellonorvegia.devengo.hu\/?p=235","title":{"rendered":"Interj\u00fa a gyerekekkel &#8211; M\u00e1r egy \u00e9ve idekint&#8230;"},"content":{"rendered":"\n<p style=\"text-align:left\"><strong>Hogyan v\u00e1ltozott meg az \u00e9leted mi\u00f3ta itt kint \u00e9lsz Norv\u00e9gi\u00e1ban?<\/strong><br><strong>Norbi:<\/strong> P\u00e9ld\u00e1ul norv\u00e9gul kell besz\u00e9lnem. Focizni j\u00e1rok karate helyett.<\/p>\n\n\n\n<p><strong>Panka<\/strong>: Szerintem megv\u00e1ltozott a szem\u00e9lyis\u00e9gem, mert m\u00e1r nem b\u00edzom vakon az emberekben. A t\u00e1vols\u00e1g megmutatta, hogy kik a bar\u00e1taim.<br><\/p>\n\n\n\n<p><strong>Mit\u0151l f\u00e9lt\u00e9l miel\u0151tt kik\u00f6lt\u00f6zt\u00e9l?<\/strong><br><strong>Norbi:<\/strong> Hogy nem lelek bar\u00e1tokra.&nbsp;<\/p>\n\n\n\n<p><strong>Panka:<\/strong> Hogy nem lesznek bar\u00e1taim \u00e9s, hogy nem fogok megtanulni norv\u00e9gul.<br><\/p>\n\n\n\n<p><strong>Bej\u00f6tt a f\u00e9lelmed?<\/strong><br><strong>Norbi:<\/strong> Nem, mert lettek bar\u00e1taim, akik a k\u00f6zel\u00fcnkben laknak, \u00e9s d\u00e9lut\u00e1n a suli ut\u00e1n \u00e1t szoktunk menni egym\u00e1shoz.<\/p>\n\n\n\n<p><strong>Panka<\/strong>: Nem, mivel megtanultam norv\u00e9gul, \u00e9s bar\u00e1taim is lettek, de az igaz bar\u00e1ts\u00e1ghoz id\u0151 kell.<br><\/p>\n\n\n\n<p><strong>Miben k\u00fcl\u00f6nb\u00f6zik az itteni iskol\u00e1d az otthonit\u00f3l?<\/strong><br><strong>Norbi<\/strong>: Kaptunk iPadet a suliban. Kevesebb h\u00e1zink van. A suliban nem 45 perces az \u00f3ra, hanem 1 \u00f3r\u00e1s.<\/p>\n\n\n\n<p><strong>Panka<\/strong>: Szerintem k\u00fcl\u00f6nb\u00f6zik a tan\u00e1rok hozz\u00e1\u00e1ll\u00e1sa a gyerekekhez. T\u00f6bb tiszteletet mutatnak a gyerekek ir\u00e1nt, egyenrang\u00fak\u00e9nt kezelik \u0151ket. Nincs annyira sok h\u00e1zi feladat, mint Mo-n. Pont annyi, mint amennyi belef\u00e9r az id\u0151mbe. De szerintem ezekr\u0151l a k\u00fcl\u00f6nbs\u00e9gekr\u0151l, majd \u00edrhatn\u00e1l egy k\u00fcl\u00f6n blogbejegyz\u00e9st.<br><\/p>\n\n\n\n<p><strong>Benned milyen \u00e9rz\u00e9sek kavarogtak az ittl\u00e9t\u00fcnk 1 \u00e9ves \u00e9vfordul\u00f3j\u00e1n?<\/strong><br><strong>Panka:<\/strong> \u00c9n \u00fajra\u00e9ltem az \u00f6sszes pillanatot, amikor megj\u00f6tt\u00fcnk, amikor lepakoltunk, amikor kin\u00e9ztem az ablakon, \u00e9s az eg\u00e9sz t\u00e1j olyan idegen volt. J\u00f3 \u00e9rz\u00e9s volt kin\u00e9zni, hogy m\u00e1r nem idegen.<\/p>\n\n\n\n<p><strong>Norbi:<\/strong> Nem nagyon izgatott, hogy m\u00e1r egy \u00e9ve itt vagyunk. Azt sem tudom m\u00e1r, hogy mikor j\u00f6tt\u00fcnk ki. \ud83d\ude42<br><\/p>\n\n\n\n<p><strong>Szokott-e honv\u00e1gyad lenni?<\/strong><br><strong>Norbi: <\/strong>Kicsit.<\/p>\n\n\n\n<p><strong>Panka: <\/strong>Igen szokott lenni, de szerintem ez teljesen norm\u00e1lis dolog.<\/p>\n\n\n\n<p><strong>Mit vagy kit hi\u00e1nyolsz a legjobban?<\/strong><br><strong>Norbi: <\/strong>A csal\u00e1domat,&nbsp; bar\u00e1taimat \u00e9s Ilusk\u00e1t.<\/p>\n\n\n\n<p><strong>Panka: <\/strong>Nekem hi\u00e1nyzik a csal\u00e1d, az Iluska, \u00e9s p\u00e1r bar\u00e1tn\u0151m. A bar\u00e1tn\u0151im tudj\u00e1k, hogy kire gondolok.<br><\/p>\n\n\n\n<p><strong>Ha valaki az ismer\u0151seid k\u00f6z\u00fcl k\u00fclf\u00f6ldre szeretne k\u00f6lt\u00f6zni, mit tan\u00e1csoln\u00e1l neki? Mi\u00e9rt ezt tan\u00e1csolod?&nbsp;<\/strong><br><strong>Norbi: <\/strong>Azt, hogy menjen Norv\u00e9gi\u00e1ba. Az\u00e9rt tan\u00e1csoln\u00e1m ezt, mert \u00e9n is itt vagyok.<\/p>\n\n\n\n<p><strong>Panka<\/strong>: Azt, hogy mindenk\u00e9pp hozza ki a h\u00e1zi \u00e1llat\u00e1t, mert hi\u00e1nyzik Iluska, \u00e9s j\u00e1rjon olyan iskol\u00e1ba el\u0151sz\u00f6r, ahol a nyelvet tan\u00edtj\u00e1k meg neki, mert az nekem is sokat seg\u00edtett.&nbsp;<br><\/p>\n\n\n\n<p><strong>Mit \u00fczentek az otthoniaknak, akik olvasss\u00e1k a blogomat?<\/strong><br><strong>Norbi:<\/strong> gyertek ki Norv\u00e9gi\u00e1ba.<\/p>\n\n\n\n<p><strong>Panka:<\/strong> majd egyszer l\u00e1togassatok meg, \u00e9s Magyarorsz\u00e1gon nincs is hideg. \ud83d\ude42<br><\/p>\n\n\n\n<p>K\u00f6sz\u00f6n\u00f6m, hogy v\u00e1laszoltatok a k\u00e9rd\u00e9seimre!<br><strong>Panka \u00e9s Norbi:<\/strong> Sz\u00edvesen!<\/p>\n\n\n\n<p><br><\/p>\n\n\n\n<figure class=\"wp-block-image\"><img loading=\"lazy\" decoding=\"async\" width=\"4032\" height=\"3024\" src=\"https:\/\/hellonorvegia.devengo.hu\/wp-content\/uploads\/2019\/10\/IMG_3410.jpg\" alt=\"\" class=\"wp-image-238\"\/><\/figure>\n","protected":false},"excerpt":{"rendered":"<p>Hogyan v\u00e1ltozott meg az \u00e9leted mi\u00f3ta itt kint \u00e9lsz Norv\u00e9gi\u00e1ban?Norbi: P\u00e9ld\u00e1ul norv\u00e9gul kell besz\u00e9lnem. Focizni j\u00e1rok karate helyett. Mit\u0151l f\u00e9lt\u00e9l miel\u0151tt kik\u00f6lt\u00f6zt\u00e9l?Norbi: Hogy nem lelek bar\u00e1tokra.&nbsp; Panka: Hogy nem lesznek bar\u00e1taim \u00e9s, hogy nem fogok megtanulni norv\u00e9gul. Bej\u00f6tt a f\u00e9lelmed?Norbi: Nem, mert lettek bar\u00e1taim, akik a k\u00f6zel\u00fcnkben laknak, \u00e9s d\u00e9lut\u00e1n a suli ut\u00e1n \u00e1t szoktunk [&hellip;]<\/p>\n","protected":false},"author":2,"featured_media":0,"comment_status":"open","ping_status":"open","sticky":false,"template":"","format":"standard","meta":{"footnotes":""},"categories":[1],"tags":[],"class_list":["post-235","post","type-post","status-publish","format-standard","hentry","category-uncategorized"],"_links":{"self":[{"href":"https:\/\/hellonorvegia.devengo.hu\/index.php?rest_route=\/wp\/v2\/posts\/235","targetHints":{"allow":["GET"]}}],"collection":[{"href":"https:\/\/hellonorvegia.devengo.hu\/index.php?rest_route=\/wp\/v2\/posts"}],"about":[{"href":"https:\/\/hellonorvegia.devengo.hu\/index.php?rest_route=\/wp\/v2\/types\/post"}],"author":[{"embeddable":true,"href":"https:\/\/hellonorvegia.devengo.hu\/index.php?rest_route=\/wp\/v2\/users\/2"}],"replies":[{"embeddable":true,"href":"https:\/\/hellonorvegia.devengo.hu\/index.php?rest_route=%2Fwp%2Fv2%2Fcomments&post=235"}],"version-history":[{"count":3,"href":"https:\/\/hellonorvegia.devengo.hu\/index.php?rest_route=\/wp\/v2\/posts\/235\/revisions"}],"predecessor-version":[{"id":240,"href":"https:\/\/hellonorvegia.devengo.hu\/index.php?rest_route=\/wp\/v2\/posts\/235\/revisions\/240"}],"wp:attachment":[{"href":"https:\/\/hellonorvegia.devengo.hu\/index.php?rest_route=%2Fwp%2Fv2%2Fmedia&parent=235"}],"wp:term":[{"taxonomy":"category","embeddable":true,"href":"https:\/\/hellonorvegia.devengo.hu\/index.php?rest_route=%2Fwp%2Fv2%2Fcategories&post=235"},{"taxonomy":"post_tag","embeddable":true,"href":"https:\/\/hellonorvegia.devengo.hu\/index.php?rest_route=%2Fwp%2Fv2%2Ftags&post=235"}],"curies":[{"name":"wp","href":"https:\/\/api.w.org\/{rel}","templated":true}]}}