{"id":242,"date":"2019-11-03T13:38:16","date_gmt":"2019-11-03T12:38:16","guid":{"rendered":"https:\/\/hellonorvegia.devengo.hu\/?p=242"},"modified":"2019-11-03T13:38:16","modified_gmt":"2019-11-03T12:38:16","slug":"itt-van-az-osz-itt-van-lassan-a-tel-is-ujra","status":"publish","type":"post","link":"https:\/\/hellonorvegia.devengo.hu\/?p=242","title":{"rendered":"Itt van az \u0151sz, itt van lassan a t\u00e9l is \u00fajra&#8230;"},"content":{"rendered":"\n<p>\u00e9s, ha m\u00e1r lassan itt van a t\u00e9l, kezd\u0151dik ism\u00e9t, hogy kevesebb a nappali f\u00e9ny. A m\u00falt heti \u00f3ra\u00e1t\u00e1ll\u00edt\u00e1s j\u00f3l j\u00f6tt, mert reggelente 8 \u00f3ra el\u0151tt m\u00e9g korom s\u00f6t\u00e9t volt. Szerencs\u00e9re ezt most az \u0151szi id\u0151sz\u00e1m\u00edt\u00e1s megoldotta p\u00e1r h\u00e9tig, azt\u00e1n majd valamikor november v\u00e9ge fel\u00e9 s\u00f6t\u00e9tben fogunk j\u00e1rni dolgozni \u00e9s a gyerekek iskol\u00e1ba. Meg\u00edg\u00e9rtem nekik, hogy majd kapnak fejl\u00e1mp\u00e1t, mert itt ez \u00fagyis egy megszokott dolog, hogy vannak, akik \u00edgy k\u00f6zlekednek, vagy sportolnak d\u00e9lut\u00e1n, s\u00f6t\u00e9ted\u00e9s ut\u00e1n.&nbsp;<br>Elvileg vas\u00e1rnapt\u00f3l pedig m\u00e1r havaz\u00e1st j\u00f3solnak. Az utakon m\u00e1r lehet l\u00e1tni egy csom\u00f3 norv\u00e9got s\u00edrollerezni, ami a s\u00edfut\u00e1s havon n\u00e9lk\u00fcli v\u00e1ltozata. K\u00e9rdeztem az egyik koll\u00e9g\u00e1mat, hogy szerinte milyen lesz az idei t\u00e9l, mit hallott esetleg. A v\u00e1lasz nem lesz annyira hideg, de nagyon sok h\u00f3 lesz. M\u00e9g nem d\u00f6nt\u00f6ttem el, hogy \u00f6r\u00fcljek-e neki, b\u00e1r a havat m\u00e9g mindig jobban szeretj\u00fck, mint az es\u0151t.<br><\/p>\n","protected":false},"excerpt":{"rendered":"<p>\u00e9s, ha m\u00e1r lassan itt van a t\u00e9l, kezd\u0151dik ism\u00e9t, hogy kevesebb a nappali f\u00e9ny. A m\u00falt heti \u00f3ra\u00e1t\u00e1ll\u00edt\u00e1s j\u00f3l j\u00f6tt, mert reggelente 8 \u00f3ra el\u0151tt m\u00e9g korom s\u00f6t\u00e9t volt. Szerencs\u00e9re ezt most az \u0151szi id\u0151sz\u00e1m\u00edt\u00e1s megoldotta p\u00e1r h\u00e9tig, azt\u00e1n majd valamikor november v\u00e9ge fel\u00e9 s\u00f6t\u00e9tben fogunk j\u00e1rni dolgozni \u00e9s a gyerekek iskol\u00e1ba. Meg\u00edg\u00e9rtem nekik, [&hellip;]<\/p>\n","protected":false},"author":2,"featured_media":0,"comment_status":"open","ping_status":"open","sticky":false,"template":"","format":"standard","meta":{"footnotes":""},"categories":[1],"tags":[],"class_list":["post-242","post","type-post","status-publish","format-standard","hentry","category-uncategorized"],"_links":{"self":[{"href":"https:\/\/hellonorvegia.devengo.hu\/index.php?rest_route=\/wp\/v2\/posts\/242","targetHints":{"allow":["GET"]}}],"collection":[{"href":"https:\/\/hellonorvegia.devengo.hu\/index.php?rest_route=\/wp\/v2\/posts"}],"about":[{"href":"https:\/\/hellonorvegia.devengo.hu\/index.php?rest_route=\/wp\/v2\/types\/post"}],"author":[{"embeddable":true,"href":"https:\/\/hellonorvegia.devengo.hu\/index.php?rest_route=\/wp\/v2\/users\/2"}],"replies":[{"embeddable":true,"href":"https:\/\/hellonorvegia.devengo.hu\/index.php?rest_route=%2Fwp%2Fv2%2Fcomments&post=242"}],"version-history":[{"count":1,"href":"https:\/\/hellonorvegia.devengo.hu\/index.php?rest_route=\/wp\/v2\/posts\/242\/revisions"}],"predecessor-version":[{"id":243,"href":"https:\/\/hellonorvegia.devengo.hu\/index.php?rest_route=\/wp\/v2\/posts\/242\/revisions\/243"}],"wp:attachment":[{"href":"https:\/\/hellonorvegia.devengo.hu\/index.php?rest_route=%2Fwp%2Fv2%2Fmedia&parent=242"}],"wp:term":[{"taxonomy":"category","embeddable":true,"href":"https:\/\/hellonorvegia.devengo.hu\/index.php?rest_route=%2Fwp%2Fv2%2Fcategories&post=242"},{"taxonomy":"post_tag","embeddable":true,"href":"https:\/\/hellonorvegia.devengo.hu\/index.php?rest_route=%2Fwp%2Fv2%2Ftags&post=242"}],"curies":[{"name":"wp","href":"https:\/\/api.w.org\/{rel}","templated":true}]}}