{"id":244,"date":"2019-11-03T13:46:00","date_gmt":"2019-11-03T12:46:00","guid":{"rendered":"https:\/\/hellonorvegia.devengo.hu\/?p=244"},"modified":"2019-11-03T13:46:00","modified_gmt":"2019-11-03T12:46:00","slug":"iskolak-kozti-kulonbsegek","status":"publish","type":"post","link":"https:\/\/hellonorvegia.devengo.hu\/?p=244","title":{"rendered":"Iskol\u00e1k k\u00f6zti k\u00fcl\u00f6nbs\u00e9gek&#8230;"},"content":{"rendered":"\n<p>Panka m\u00faltkor javasolta, hogy \u00edrjak m\u00e1r egy k\u00fcl\u00f6n blogbejegyz\u00e9st arr\u00f3l, hogy mi a k\u00fcl\u00f6nbs\u00e9g az otthoni \u00e9s az itteni iskola k\u00f6z\u00f6tt, mert k\u00fcl\u00f6n bejegyz\u00e9sekben itt-ott m\u00e1r tettem eml\u00edt\u00e9st r\u00f3la, na de most megpr\u00f3b\u00e1lom pontokba szedni:<br><\/p>\n\n\n\n<ol class=\"wp-block-list\"><li>A tan\u00edt\u00e1s itt k\u00e9s\u0151bb kezd\u0151dik 8.30-kor, \u00e9s a Panka koroszt\u00e1ly\u00e1nak pedig 8.50-kor.<\/li><li>\u00c1ltal\u00e1nos iskol\u00e1ban 1-7-ig oszt\u00e1lyig nem kapnak sem oszt\u00e1lyzatot, sem bizony\u00edtv\u00e1nyt. Ha valakinek gondja van a tanul\u00e1ssal, akkor majd k\u00fcl\u00f6n tan\u00e1r foglalkozik vele.<\/li><li>Nem tudj\u00e1k egym\u00e1sr\u00f3l a di\u00e1kok, hogy ki milyen tanul\u00f3, \u00e9s k\u00e9s\u0151bb is, amikor m\u00e1r kapnak jegyet, nagyon diszkr\u00e9ten kezelik. Ezt mondjuk otthon is \u00e1tvehetn\u00e9k, hogy legal\u00e1bb az \u00e9vv\u00e9gi bizony\u00edtv\u00e1ny oszt\u00e1skor ne legyenek plusz megjegyz\u00e9sek, hogy kinek, hogy siker\u00fclt az adott \u00e9v.&nbsp;<\/li><li>A fogad\u00f3\u00f3r\u00e1n nem csak a sz\u00fcl\u0151 \u00e9s a tan\u00e1r van bent, hanem r\u00e9szt vesz a gyerek is. Els\u0151sorban t\u0151le szeretn\u00e9k tudni, hogy hogyan \u00e9rzi mag\u00e1t az iskol\u00e1ban, hol l\u00e1tja a neh\u00e9zs\u00e9geit, miben kell fejl\u0151dnie. K\u00f6z\u00f6sen meghat\u00e1roznak c\u00e9lokat a k\u00f6vetkez\u0151 fogad\u00f3\u00f3r\u00e1ig. Illetve a tan\u00e1r is elmondja, \u00e9s megbesz\u00e9li a sz\u00fcl\u0151kkel, hogy \u0150, hogy l\u00e1tja a di\u00e1kot. Ezt nagyon j\u00f3nak tartom, hogy a gyerek is ott van az ilyen megbesz\u00e9l\u00e9seken, \u00e9s abszol\u00fat egyenrang\u00fa partnerk\u00e9nt van kezelve.<\/li><li>Az \u00e9v elej\u00e9n tolltart\u00f3n, t\u00e1sk\u00e1n \u00e9s uzsonn\u00e1s dobozon k\u00edv\u00fcl max k\u00f6nyvk\u00f6t\u0151t kellett venni, az \u00f6sszes t\u00f6bbi cuccot (f\u00fczetet, k\u00f6nyveket az el\u0151z\u0151 \u00e9vfolyamt\u00f3l) megkapj\u00e1k a suliban.<\/li><li>A h\u00e1zi feladatot a h\u00e9t elej\u00e9n megkapj\u00e1k, \u00e9s kb 4 napjuk van arra, hogy megcsin\u00e1lj\u00e1k. Magyarul maguknak osztj\u00e1k be az id\u0151t r\u00e1. (persze mi sz\u00fcl\u0151k figyel\u00fcnk arra, hogy elk\u00e9sz\u00fclj\u00f6n)<\/li><li>Kapnak iPadet az iskolai tan\u00e9vre. Ha pap\u00edron kell elk\u00e9sz\u00edteni a h\u00e1zi feladatot, akkor le kell f\u00e9nyk\u00e9pezni az iPaddel, \u00e9s a Showbie nev\u00fc alkalmaz\u00e1sba be kell k\u00fcldeni. Ezen az alkalmaz\u00e1son kereszt\u00fcl a&nbsp; tan\u00e1r is szokott \u00fczenni a di\u00e1knak (pl. a k\u00f6v. alkalommal ne hagyd otthon a tornazs\u00e1kod &#8211; amit persze anya reggel kik\u00e9sz\u00edtett khm.) Ezeket az \u00fczeneteket a sz\u00fcl\u0151 is r\u00f6gt\u00f6n l\u00e1thatja a telefonj\u00e1n, \u00e9s bizonyos esetekben emiatt napk\u00f6zben a munkahely\u00e9n felmegy a v\u00e9rnyom\u00e1sa.<\/li><li>Minden h\u00e9ten, legk\u00e9s\u0151bb vas\u00e1rnap a tan\u00e1r bek\u00fcldi a Showbie alkalmaz\u00e1sba, a k\u00f6vetkez\u0151 heti tantervet,illetve a h\u00e1zi feladatot, tant\u00e1rgyakra lebontva. \u00cdgy mindig tudjuk, hogy pontosan mit fognak tanulni.<\/li><li>Aprop\u00f3 tant\u00e1rgy: \u00c1ltal\u00e1nosban a f\u0151tant\u00e1rgyak: matek, norv\u00e9g \u00e9s angol. Van valami term\u00e9szetismeret \u00f3r\u00e1juk is, de igaz\u00e1b\u00f3l ezt a 3 f\u0151 t\u00e1rgyat tanulj\u00e1k. A t\u00f6bbit (t\u00e1rsadalom tudom\u00e1ny, k\u00e9mia stb.) majd az als\u00f3 k\u00f6z\u00e9piskol\u00e1ban fogj\u00e1k tanulni, ahol m\u00e1r jegyet is kapnak.&nbsp;&nbsp;<\/li><li>Nem kapnak meleg \u00e9telt a suliban. Azt eszik, amit otthonr\u00f3l hoztak. Mondjuk ennek a norv\u00e9g sz\u00fcl\u0151k sem \u00f6r\u00fclnek neki annyira, illetve itt nagyon sokan napk\u00f6zben a munkahely\u00fck\u00f6n is hideget esznek, mert n\u00e1luk este a vacsora a f\u0151\u00e9tkez\u00e9s.<\/li><li>T\u00f6bb napos kir\u00e1ndul\u00e1sra az oszt\u00e1lynak meg kell keresnie r\u00e1 a p\u00e9nzt. Pl. s\u00fctiket \u00e1rulnak vagy ilyesmi.&nbsp;<\/li><li>A sz\u00fcl\u0151k csoportokra vannak osztva, \u00e9s az adott tan\u00e9vben a sz\u00fcl\u0151i munkak\u00f6z\u00f6ss\u00e9gis (akit \u00e9vente mindig m\u00e1s \u00e9s m\u00e1s, hogy ne csak 2 sz\u00fcl\u0151 sz\u00edvjon eg\u00e9sz v\u00e9gig) meghat\u00e1rozza, hogy melyik csoportnak melyik \u00fcnnepet kell megszerveznie a gyerekek sz\u00e1m\u00e1ra. Nek\u00fcnk id\u00e9n a Halloween jutott, tavaly az \u00e9vz\u00e1r\u00f3s buli csoportba ker\u00fclt\u00fcnk. De vannak akiknek az oszt\u00e1ly kar\u00e1csonyt vagy a h\u00fasv\u00e9tot kell szerveznie. A tan\u00e1rnak ilyenkor nincs is nagyon dolga. Gondolom ez otthon is k\u00f6nnyebbs\u00e9g lenne.<\/li><li>Amit a gyerekeimen l\u00e1tok, hogy itt nem stresszelnek igaz\u00e1b\u00f3l a suli miatt, \u00e9s a gyakori hasf\u00e1j\u00e1sok is elt\u0171ntek.<\/li><\/ol>\n\n\n\n<p><\/p>\n\n\n\n<ul class=\"wp-block-list\"><li><strong>Panka kieg\u00e9sz\u00edt\u00e9se bejegyz\u00e9semhez (\u201cmert anya f\u0151leg Norbi sulij\u00e1r\u00f3l \u00edrt\u201d)<\/strong><\/li><\/ul>\n\n\n\n<p>3.\u00a0 A tan\u00e1rok t\u00e9nyleg diszkr\u00e9ten kezelik a jegyeket, de a di\u00e1kok az\u00e9rt elmondj\u00e1k egym\u00e1s k\u00f6z\u00f6tt, hogy nekik, hogy siker\u00fclt. De ebb\u0151l m\u00e9g nem vonj\u00e1k le azt a k\u00f6vetkeztet\u00e9st, hogy ki milyen tanul\u00f3.<\/p>\n\n\n\n<p>7. Ez a pont n\u00e1lam nem igaz. N\u00e1lunk a f\u00fczetbe kell megcsin\u00e1lni a h\u00e1zit \u00e9s azt le kell adni a tan\u00e1rnak. De itt is van r\u00e1 t\u00f6bb napunk, hogy elk\u00e9sz\u00edts\u00fck.<\/p>\n\n\n\n<p>8.Mi m\u00e1r nem haszn\u00e1ljuk annyira a Showbie-t, \u00e9s any\u00e1\u00e9knak m\u00e1r nincs is hozz\u00e1f\u00e9r\u00e9se az \u00e9n oldalamhoz. N\u00e1lunk az itslearning alkalmaz\u00e1s van. Oda k\u00fcldi be a tan\u00e1r a h\u00e1zi feladatot, \u00e9s ott lehet l\u00e1tni, a jegyeimet, illetve a tan\u00e1r hozz\u00e1sz\u00f3l\u00e1sait a dolgozataimr\u00f3l.<\/p>\n\n\n\n<p><br><\/p>\n\n\n","protected":false},"excerpt":{"rendered":"<p>Panka m\u00faltkor javasolta, hogy \u00edrjak m\u00e1r egy k\u00fcl\u00f6n blogbejegyz\u00e9st arr\u00f3l, hogy mi a k\u00fcl\u00f6nbs\u00e9g az otthoni \u00e9s az itteni iskola k\u00f6z\u00f6tt, mert k\u00fcl\u00f6n bejegyz\u00e9sekben itt-ott m\u00e1r tettem eml\u00edt\u00e9st r\u00f3la, na de most megpr\u00f3b\u00e1lom pontokba szedni: A tan\u00edt\u00e1s itt k\u00e9s\u0151bb kezd\u0151dik 8.30-kor, \u00e9s a Panka koroszt\u00e1ly\u00e1nak pedig 8.50-kor. \u00c1ltal\u00e1nos iskol\u00e1ban 1-7-ig oszt\u00e1lyig nem kapnak sem oszt\u00e1lyzatot, [&hellip;]<\/p>\n","protected":false},"author":2,"featured_media":0,"comment_status":"open","ping_status":"open","sticky":false,"template":"","format":"standard","meta":{"footnotes":""},"categories":[1],"tags":[],"class_list":["post-244","post","type-post","status-publish","format-standard","hentry","category-uncategorized"],"_links":{"self":[{"href":"https:\/\/hellonorvegia.devengo.hu\/index.php?rest_route=\/wp\/v2\/posts\/244","targetHints":{"allow":["GET"]}}],"collection":[{"href":"https:\/\/hellonorvegia.devengo.hu\/index.php?rest_route=\/wp\/v2\/posts"}],"about":[{"href":"https:\/\/hellonorvegia.devengo.hu\/index.php?rest_route=\/wp\/v2\/types\/post"}],"author":[{"embeddable":true,"href":"https:\/\/hellonorvegia.devengo.hu\/index.php?rest_route=\/wp\/v2\/users\/2"}],"replies":[{"embeddable":true,"href":"https:\/\/hellonorvegia.devengo.hu\/index.php?rest_route=%2Fwp%2Fv2%2Fcomments&post=244"}],"version-history":[{"count":1,"href":"https:\/\/hellonorvegia.devengo.hu\/index.php?rest_route=\/wp\/v2\/posts\/244\/revisions"}],"predecessor-version":[{"id":245,"href":"https:\/\/hellonorvegia.devengo.hu\/index.php?rest_route=\/wp\/v2\/posts\/244\/revisions\/245"}],"wp:attachment":[{"href":"https:\/\/hellonorvegia.devengo.hu\/index.php?rest_route=%2Fwp%2Fv2%2Fmedia&parent=244"}],"wp:term":[{"taxonomy":"category","embeddable":true,"href":"https:\/\/hellonorvegia.devengo.hu\/index.php?rest_route=%2Fwp%2Fv2%2Fcategories&post=244"},{"taxonomy":"post_tag","embeddable":true,"href":"https:\/\/hellonorvegia.devengo.hu\/index.php?rest_route=%2Fwp%2Fv2%2Ftags&post=244"}],"curies":[{"name":"wp","href":"https:\/\/api.w.org\/{rel}","templated":true}]}}