{"id":252,"date":"2020-01-08T19:09:50","date_gmt":"2020-01-08T18:09:50","guid":{"rendered":"https:\/\/hellonorvegia.devengo.hu\/?p=252"},"modified":"2020-01-08T19:09:50","modified_gmt":"2020-01-08T18:09:50","slug":"karacsony-utani-erzelmi-kavalkad","status":"publish","type":"post","link":"https:\/\/hellonorvegia.devengo.hu\/?p=252","title":{"rendered":"Kar\u00e1csony ut\u00e1ni \u00e9rzelmi kavalk\u00e1d"},"content":{"rendered":"\n<p>Huh, j\u00f3 r\u00e9gen nem \u00edrtam m\u00e1r, pedig annyiszor eszembe jutott, hogy ezt vagy azt majd mindenk\u00e9pp le fogom \u00edrni. Azt\u00e1n persze ez elmaradt, \u00e9s k\u00f6zben m\u00e1r \u00e9n is elfelejtettem mit is akartam. T\u00fal vagyunk egy intenz\u00edv kar\u00e1csonyi k\u00e9t h\u00e9ten.<br><\/p>\n\n\n\n<p>De j\u00f3 volt \u00fajb\u00f3l otthon lenni, a h\u00e1zunkban lenni, a csal\u00e1ddal \u00e9s a bar\u00e1tokkal tal\u00e1lkozni. \u0150szint\u00e9n sz\u00f3lva el\u0151sz\u00f6r vegyes \u00e9rzelmekkel pakoltam a b\u0151r\u00f6nd\u00f6ket, amikor k\u00e9sz\u00fcl\u0151dt\u00fcnk haza Norv\u00e9gi\u00e1ba. Azt\u00e1n r\u00e1 kellett j\u00f6nn\u00f6m, hogy igaz\u00e1b\u00f3l nem is azzal van bajom, hogy vissza kell j\u00f6nn\u00fcnk, hanem ez egy\u00fattal azt is jelenti, hogy v\u00e9ge van a szabinknak, \u00e9s kezd\u0151dnek ism\u00e9t a h\u00e9tk\u00f6znapok. Nem szabad azt \u00f6sszekevern\u00fcnk, hogy amikor Magyarorsz\u00e1gra j\u00f6v\u00fcnk, akkor \u00e9pp szabin vagyunk, \u00e9s a h\u00e9tk\u00f6znapok pedig maradnak Norv\u00e9gi\u00e1ra. K\u00f6nny\u0171 ilyenkor abba a hib\u00e1ba esni, hogy mindent egy r\u00f3zsasz\u00edn szem\u00fcvegen kereszt\u00fcl n\u00e9z\u00fcnk, \u00e9s azt az \u00e9rz\u00e9st kelti benn\u00fcnk, hogy az \u00e9let itthon csupa m\u00f3ka \u00e9s kacag\u00e1s. Nem szabad elfelejteni azt amikor hazaj\u00f6v\u00fcnk, hogy a \u201cfunpart\u201d ilyenkor mindig Magyarorsz\u00e1gra esik, \u00e9s a\u00a0 \u201cworking part\u201d pedig Norv\u00e9gi\u00e1ra. Miut\u00e1n ezt siker\u00fclt magamban rendezni, visszat\u00e9rt\u00fcnk a megszokott ker\u00e9kv\u00e1g\u00e1sba, k\u00f6r\u00fcl\u00f6ttem is minden lenyugodott. Az\u00e9rt nincs okunk panaszra a h\u00e9tk\u00f6znapokra sem. A kor\u00e1bbi rohan\u00e1s, napi stressz valahogy most m\u00e1r kimarad az \u00e9let\u00fcnkb\u0151l. A mag\u00e1n\u00e9let \u00e9s a munkahely ism\u00e9t kiegyens\u00falyozott. Marad id\u0151m a csal\u00e1dra, \u00e9s magamra is. Ezt most nem sz\u00edvesen adn\u00e1m fel. M\u00e9g akkor sem, ha olykor olykor az\u00e9rt csak megjelenik az a fr\u00e1nya honv\u00e1gy.<\/p>\n\n\n\n<p><br><\/p>\n\n\n\n<figure class=\"wp-block-image\"><img loading=\"lazy\" decoding=\"async\" width=\"4032\" height=\"3024\" src=\"https:\/\/hellonorvegia.devengo.hu\/wp-content\/uploads\/2020\/01\/IMG_4648.jpg\" alt=\"\" class=\"wp-image-253\"\/><\/figure>\n","protected":false},"excerpt":{"rendered":"<p>Huh, j\u00f3 r\u00e9gen nem \u00edrtam m\u00e1r, pedig annyiszor eszembe jutott, hogy ezt vagy azt majd mindenk\u00e9pp le fogom \u00edrni. Azt\u00e1n persze ez elmaradt, \u00e9s k\u00f6zben m\u00e1r \u00e9n is elfelejtettem mit is akartam. T\u00fal vagyunk egy intenz\u00edv kar\u00e1csonyi k\u00e9t h\u00e9ten. De j\u00f3 volt \u00fajb\u00f3l otthon lenni, a h\u00e1zunkban lenni, a csal\u00e1ddal \u00e9s a bar\u00e1tokkal tal\u00e1lkozni. \u0150szint\u00e9n [&hellip;]<\/p>\n","protected":false},"author":2,"featured_media":0,"comment_status":"open","ping_status":"open","sticky":false,"template":"","format":"standard","meta":{"footnotes":""},"categories":[1],"tags":[],"class_list":["post-252","post","type-post","status-publish","format-standard","hentry","category-uncategorized"],"_links":{"self":[{"href":"https:\/\/hellonorvegia.devengo.hu\/index.php?rest_route=\/wp\/v2\/posts\/252","targetHints":{"allow":["GET"]}}],"collection":[{"href":"https:\/\/hellonorvegia.devengo.hu\/index.php?rest_route=\/wp\/v2\/posts"}],"about":[{"href":"https:\/\/hellonorvegia.devengo.hu\/index.php?rest_route=\/wp\/v2\/types\/post"}],"author":[{"embeddable":true,"href":"https:\/\/hellonorvegia.devengo.hu\/index.php?rest_route=\/wp\/v2\/users\/2"}],"replies":[{"embeddable":true,"href":"https:\/\/hellonorvegia.devengo.hu\/index.php?rest_route=%2Fwp%2Fv2%2Fcomments&post=252"}],"version-history":[{"count":1,"href":"https:\/\/hellonorvegia.devengo.hu\/index.php?rest_route=\/wp\/v2\/posts\/252\/revisions"}],"predecessor-version":[{"id":254,"href":"https:\/\/hellonorvegia.devengo.hu\/index.php?rest_route=\/wp\/v2\/posts\/252\/revisions\/254"}],"wp:attachment":[{"href":"https:\/\/hellonorvegia.devengo.hu\/index.php?rest_route=%2Fwp%2Fv2%2Fmedia&parent=252"}],"wp:term":[{"taxonomy":"category","embeddable":true,"href":"https:\/\/hellonorvegia.devengo.hu\/index.php?rest_route=%2Fwp%2Fv2%2Fcategories&post=252"},{"taxonomy":"post_tag","embeddable":true,"href":"https:\/\/hellonorvegia.devengo.hu\/index.php?rest_route=%2Fwp%2Fv2%2Ftags&post=252"}],"curies":[{"name":"wp","href":"https:\/\/api.w.org\/{rel}","templated":true}]}}