{"id":267,"date":"2020-03-06T17:05:42","date_gmt":"2020-03-06T16:05:42","guid":{"rendered":"https:\/\/hellonorvegia.devengo.hu\/?p=267"},"modified":"2020-03-06T17:05:42","modified_gmt":"2020-03-06T16:05:42","slug":"zsepi","status":"publish","type":"post","link":"https:\/\/hellonorvegia.devengo.hu\/?p=267","title":{"rendered":"Zsepi"},"content":{"rendered":"\n<p>Gondoltam, \u00edrok egy bejegyz\u00e9st arr\u00f3l, hogy idekint hogyan \u00e9lj\u00fck meg a koronav\u00edrus k\u00f6r\u00fcli \u0151r\u00fcletet. \u00dagy t\u0171nik, hogy a bejelentett sz\u00e1mok alapj\u00e1n, egyenl\u0151re Norv\u00e9gia vezet 86 beteggel Magyarorsz\u00e1ggal szemben. 2 hete kik\u00fcldtek mindenkinek egy mailt, hogy mit csin\u00e1ljon, ha betegnek \u00e9rzi mag\u00e1t, illetve, hogy mikor legy\u00e9l otthon karant\u00e9nban. A boltokat egyenl\u0151re itt senki nem rohanta m\u00e9g meg.&nbsp; Eb\u00e9d k\u00f6zben besz\u00e9lgettem a koll\u00e9g\u00e1immal, hogy \u0151k, mit gondolnak err\u0151l az eg\u00e9szr\u0151l \u00e9s mennyire f\u00e9lnek, de egyenl\u0151re \u00fagy t\u0171nik, el\u00e9g fegyelmezetten kezelik ezt az eg\u00e9sz helyzetet. Azt mondt\u00e1k nem fognak bez\u00e1rk\u00f3zni, \u00e9s, hogy tov\u00e1bbra is norm\u00e1lisan akarj\u00e1k \u00e9lni az \u00e9let\u00fcket. Szerint\u00fck felesleges el\u0151re par\u00e1zni, mert nagy val\u00f3sz\u00edn\u0171s\u00e9ggel \u00fagyis el fogjuk kapni a v\u00edrust.  Bent a munkahelyemen k\u00f6zben felszereltek t\u00f6bb k\u00e9zfert\u0151tlen\u00edt\u0151t, \u00e9s felh\u00edvt\u00e1k a figyelmet a rendszeres k\u00e9zmos\u00e1s, \u00e9s a zsebkend\u0151 haszn\u00e1lat fontoss\u00e1g\u00e1ra. Illetve folyamatosan \u00e9rtes\u00edtenek minket, hogy hova nem utazhatunk \u00fczleti \u00fatra.&nbsp;<\/p>\n\n\n\n<p>Sz\u00f3val hoztak egy-k\u00e9t biztons\u00e1gi int\u00e9zked\u00e9st, de egyenl\u0151re mindenki nyugodt. Rem\u00e9lem \u00e1prilisra m\u00e1r valamennyire normaliz\u00e1l\u00f3dni fog a helyzet, mert azt tervezt\u00fck, hogy h\u00fasv\u00e9tra haza j\u00f6v\u00fcnk. Addig is mindenki tov\u00e1bbra is mosson kezet. Erre vonatkoz\u00f3an az al\u00e1bbi t\u00e1bl\u00e1t tett\u00e9k ki n\u00e1lunk a c\u00e9gn\u00e9l.&nbsp;<br><\/p>\n\n\n\n<figure class=\"wp-block-image is-resized\"><img loading=\"lazy\" decoding=\"async\" src=\"https:\/\/hellonorvegia.devengo.hu\/wp-content\/uploads\/2020\/03\/IMG_5256-1.jpg\" alt=\"\" class=\"wp-image-268\" width=\"352\" height=\"419\"\/><\/figure>\n","protected":false},"excerpt":{"rendered":"<p>Gondoltam, \u00edrok egy bejegyz\u00e9st arr\u00f3l, hogy idekint hogyan \u00e9lj\u00fck meg a koronav\u00edrus k\u00f6r\u00fcli \u0151r\u00fcletet. \u00dagy t\u0171nik, hogy a bejelentett sz\u00e1mok alapj\u00e1n, egyenl\u0151re Norv\u00e9gia vezet 86 beteggel Magyarorsz\u00e1ggal szemben. 2 hete kik\u00fcldtek mindenkinek egy mailt, hogy mit csin\u00e1ljon, ha betegnek \u00e9rzi mag\u00e1t, illetve, hogy mikor legy\u00e9l otthon karant\u00e9nban. A boltokat egyenl\u0151re itt senki nem rohanta m\u00e9g [&hellip;]<\/p>\n","protected":false},"author":2,"featured_media":0,"comment_status":"open","ping_status":"open","sticky":false,"template":"","format":"standard","meta":{"footnotes":""},"categories":[1],"tags":[],"class_list":["post-267","post","type-post","status-publish","format-standard","hentry","category-uncategorized"],"_links":{"self":[{"href":"https:\/\/hellonorvegia.devengo.hu\/index.php?rest_route=\/wp\/v2\/posts\/267","targetHints":{"allow":["GET"]}}],"collection":[{"href":"https:\/\/hellonorvegia.devengo.hu\/index.php?rest_route=\/wp\/v2\/posts"}],"about":[{"href":"https:\/\/hellonorvegia.devengo.hu\/index.php?rest_route=\/wp\/v2\/types\/post"}],"author":[{"embeddable":true,"href":"https:\/\/hellonorvegia.devengo.hu\/index.php?rest_route=\/wp\/v2\/users\/2"}],"replies":[{"embeddable":true,"href":"https:\/\/hellonorvegia.devengo.hu\/index.php?rest_route=%2Fwp%2Fv2%2Fcomments&post=267"}],"version-history":[{"count":1,"href":"https:\/\/hellonorvegia.devengo.hu\/index.php?rest_route=\/wp\/v2\/posts\/267\/revisions"}],"predecessor-version":[{"id":269,"href":"https:\/\/hellonorvegia.devengo.hu\/index.php?rest_route=\/wp\/v2\/posts\/267\/revisions\/269"}],"wp:attachment":[{"href":"https:\/\/hellonorvegia.devengo.hu\/index.php?rest_route=%2Fwp%2Fv2%2Fmedia&parent=267"}],"wp:term":[{"taxonomy":"category","embeddable":true,"href":"https:\/\/hellonorvegia.devengo.hu\/index.php?rest_route=%2Fwp%2Fv2%2Fcategories&post=267"},{"taxonomy":"post_tag","embeddable":true,"href":"https:\/\/hellonorvegia.devengo.hu\/index.php?rest_route=%2Fwp%2Fv2%2Ftags&post=267"}],"curies":[{"name":"wp","href":"https:\/\/api.w.org\/{rel}","templated":true}]}}