{"id":271,"date":"2020-03-12T18:54:36","date_gmt":"2020-03-12T17:54:36","guid":{"rendered":"https:\/\/hellonorvegia.devengo.hu\/?p=271"},"modified":"2020-03-12T18:54:36","modified_gmt":"2020-03-12T17:54:36","slug":"update-coronavirus","status":"publish","type":"post","link":"https:\/\/hellonorvegia.devengo.hu\/?p=271","title":{"rendered":"Update &#8211; coronavirus"},"content":{"rendered":"\n<p>Holnap lesz egy hete, hogy \u00edrtam ezzel kapcsolatban egy bejegyz\u00e9st \u00e9s 6 nap alatt itt nagyot fordult\u00a0 vil\u00e1g. A 86 betegb\u0151l lett 705, de gondolom mire p\u00e1ran ezt olvass\u00e1k m\u00e1r addigra ez a sz\u00e1m m\u00e9g t\u00f6bb lesz. A mi k\u00f6rny\u00e9k\u00fcnk\u00f6n ebb\u0151l 54 fert\u0151z\u00f6tt van id\u00e1ig \u00e9s Osl\u00f3ban jelenleg 166.\u00a0<\/p>\n\n\n\n<p>\u00c9n tegnap \u00f3ta home office-b\u00f3l dolgozok, Jana m\u00e1t\u00f3l maradt itthon \u00e9s az iskol\u00e1k holnapt\u00f3l z\u00e1rva lesznek legal\u00e1bb 2 h\u00e9tig. A gyerekek digit\u00e1lis oktat\u00e1sban fognak r\u00e9szes\u00fclni addig is az iPadej\u00fck\u00f6n kereszt\u00fcl. Minden edz\u0151terem, uszoda, kocsma z\u00e1rva lesz. Ma beugrottam a post\u00e1ra, ami egy \u00e9lelmiszerbolt sark\u00e1ban van. Na, most m\u00e1r l\u00e1ttam embereket megrakott bev\u00e1s\u00e1rl\u00f3kocsikkal. Az online \u00e9lelmiszer rendel\u00e9s is kap\u00f3sabb lett, mint \u00fagy \u00e1ltal\u00e1ban. M\u00e1skor el\u00e9g volt egy nappal el\u0151tte rendelnem, ha szerettem volna \u00e1rut, de most annyira megn\u00f6vekedett a forgalom n\u00e1luk, hogy most 4 napot kell v\u00e1rnom, mire \u00e1tvehetem a rendel\u00e9sem. Na, \u00e9s persze egy csom\u00f3 \u00e1ru hi\u00e1nycikk lett az online boltban, mint a rizs, virsli, bet\u00e9tek\u2026 stb. Szerencs\u00e9re az otthoni felv\u00e1s\u00e1rl\u00e1si p\u00e1nik engem is meg\u00e9rintett itt Norv\u00e9gi\u00e1ban \u00e9s amikor m\u00e9g itt senki nem kezdett el bev\u00e1s\u00e1rolni, \u00e9n m\u00e1r 2 hete neki \u00e1lltam felt\u00f6lteni az itthoni k\u00e9szleteket. Sz\u00f3val, ami most az online boltban m\u00e1r hi\u00e1nycikk, n\u00e1lam van itthon azokb\u00f3l a cuccokb\u00f3l a&nbsp; sp\u00e1jzban&#8230; \u00e9s nem, nem miattam van hi\u00e1nycikk\u2026 \ud83d\ude42<\/p>\n\n\n\n<p>Tegnap Jana a TV-ben hallotta, hogy itt hogyan is sz\u0171rik a potenci\u00e1lis betegeket. Sz\u00f3val van egy k\u00f6zponti sz\u00e1m, amit fel kell h\u00edvni, ha nem \u00e9rzed j\u00f3l magad, azt\u00e1n megmondj\u00e1k, hogy kocsival melyik k\u00f3rh\u00e1zba kell bemenned. Nyilv\u00e1n, ha nagyon rosszul \u00e9rzed magad, akkor k\u00fcldik a ment\u0151t. Sz\u00f3val a k\u00f3rh\u00e1z parkol\u00f3j\u00e1ban kell v\u00e1rnod a kocsiban, mire kimegy hozz\u00e1d egy n\u0151v\u00e9r, leveszi a mint\u00e1t a sz\u00e1db\u00f3l, orrodb\u00f3l, azt\u00e1n mehetsz haza karant\u00e9nba, majd \u00e9rtes\u00edtenek az eredm\u00e9nyr\u0151l. \u00d6nk\u00e9ntesek visznek kaj\u00e1t, ha kell, \u00e9s leteszik az ajt\u00f3ban,\u00a0 illetve akikt\u0151l mi is rendelj\u00fck az \u00e9lelmiszert, lerakj\u00e1k a h\u00e1z el\u00e9 a rendelt \u00e1rut, csak rendel\u00e9skor sz\u00f3lni kell nekik, hogy beteg vagy.<br>\u00cdgy \u00e1llunk most. Mi m\u00e9g nem p\u00e1nikolunk. Persze mindenkinek f\u00e1j egy kicsit ez a helyzet. Pank\u00e1nak az, hogy elmarad a versenye, Jan\u00e1nak \u00e9s Norbinak az, hogy elmarad az edz\u00e9se, nekem meg az, hogy Bogival nem tudunk most elutazni. B\u00e1r legal\u00e1bb nekem annyi szerencs\u00e9m volt, hogy az utat el tudjuk halasztani j\u00faniusra. \ud83d\ude42<\/p>\n\n\n\n<p>Most egy kicsit t\u00f6bbet lesz egy\u00fctt a csal\u00e1d, aminek \u00e9n mindig \u00f6r\u00fcl\u00f6k. K\u00edv\u00e1ncsi vagyok, hogy j\u00f6v\u0151 h\u00e9ten milyen v\u00e1ltoz\u00e1sr\u00f3l fogok majd besz\u00e1molni.\u00a0<br><\/p>\n\n\n\n<figure class=\"wp-block-image size-large\"><img loading=\"lazy\" decoding=\"async\" width=\"4032\" height=\"3024\" src=\"https:\/\/hellonorvegia.devengo.hu\/wp-content\/uploads\/2020\/03\/IMG_5286.jpg\" alt=\"\" class=\"wp-image-272\"\/><\/figure>\n","protected":false},"excerpt":{"rendered":"<p>Holnap lesz egy hete, hogy \u00edrtam ezzel kapcsolatban egy bejegyz\u00e9st \u00e9s 6 nap alatt itt nagyot fordult\u00a0 vil\u00e1g. A 86 betegb\u0151l lett 705, de gondolom mire p\u00e1ran ezt olvass\u00e1k m\u00e1r addigra ez a sz\u00e1m m\u00e9g t\u00f6bb lesz. A mi k\u00f6rny\u00e9k\u00fcnk\u00f6n ebb\u0151l 54 fert\u0151z\u00f6tt van id\u00e1ig \u00e9s Osl\u00f3ban jelenleg 166.\u00a0 \u00c9n tegnap \u00f3ta home office-b\u00f3l dolgozok, [&hellip;]<\/p>\n","protected":false},"author":2,"featured_media":0,"comment_status":"open","ping_status":"open","sticky":false,"template":"","format":"standard","meta":{"footnotes":""},"categories":[1],"tags":[],"class_list":["post-271","post","type-post","status-publish","format-standard","hentry","category-uncategorized"],"_links":{"self":[{"href":"https:\/\/hellonorvegia.devengo.hu\/index.php?rest_route=\/wp\/v2\/posts\/271","targetHints":{"allow":["GET"]}}],"collection":[{"href":"https:\/\/hellonorvegia.devengo.hu\/index.php?rest_route=\/wp\/v2\/posts"}],"about":[{"href":"https:\/\/hellonorvegia.devengo.hu\/index.php?rest_route=\/wp\/v2\/types\/post"}],"author":[{"embeddable":true,"href":"https:\/\/hellonorvegia.devengo.hu\/index.php?rest_route=\/wp\/v2\/users\/2"}],"replies":[{"embeddable":true,"href":"https:\/\/hellonorvegia.devengo.hu\/index.php?rest_route=%2Fwp%2Fv2%2Fcomments&post=271"}],"version-history":[{"count":1,"href":"https:\/\/hellonorvegia.devengo.hu\/index.php?rest_route=\/wp\/v2\/posts\/271\/revisions"}],"predecessor-version":[{"id":273,"href":"https:\/\/hellonorvegia.devengo.hu\/index.php?rest_route=\/wp\/v2\/posts\/271\/revisions\/273"}],"wp:attachment":[{"href":"https:\/\/hellonorvegia.devengo.hu\/index.php?rest_route=%2Fwp%2Fv2%2Fmedia&parent=271"}],"wp:term":[{"taxonomy":"category","embeddable":true,"href":"https:\/\/hellonorvegia.devengo.hu\/index.php?rest_route=%2Fwp%2Fv2%2Fcategories&post=271"},{"taxonomy":"post_tag","embeddable":true,"href":"https:\/\/hellonorvegia.devengo.hu\/index.php?rest_route=%2Fwp%2Fv2%2Ftags&post=271"}],"curies":[{"name":"wp","href":"https:\/\/api.w.org\/{rel}","templated":true}]}}