{"id":275,"date":"2020-03-22T18:22:47","date_gmt":"2020-03-22T17:22:47","guid":{"rendered":"https:\/\/hellonorvegia.devengo.hu\/?p=275"},"modified":"2020-03-22T18:22:47","modified_gmt":"2020-03-22T17:22:47","slug":"home-office-home-school-home-training-avagy-ujratervezes-1-het","status":"publish","type":"post","link":"https:\/\/hellonorvegia.devengo.hu\/?p=275","title":{"rendered":"Home office-home school-home training avagy \u00fajratervez\u00e9s 1. h\u00e9t"},"content":{"rendered":"\n<p>Vas\u00e1rnap d\u00e9lut\u00e1n van, \u00fcl\u00f6k a kanap\u00e9n a nagyszob\u00e1ban \u00e9s azon gondolkodom, hogy 2 hete m\u00e9g naivan nem gondoltam volna, hogy m\u00e1r t\u00fal lesz\u00fcnk ilyenkor az els\u0151 heti iskolai bez\u00e1r\u00e1son. \u00c9rdekesen alakult \u00e1t az \u00e9let\u00fcnk, \u00e9s pr\u00f3b\u00e1ltunk egy \u00faj fajta rutint bevezetni a mindennapjainkban. \u00c1ltal\u00e1ban 7 \u00e9s f\u00e9l 8 k\u00f6z\u00f6tt kel\u00fcnk, \u00e9s legk\u00e9s\u0151bb 8-kor m\u00e1r \u201cbe is \u00e9rt\u00fcnk a munkahely\u00fcnkre\u201d, ami a mostani esetben az \u00e9tkez\u0151asztal a nagyszob\u00e1ban. Jan\u00e1val mi m\u00e9g szerencs\u00e9sek vagyunk, mert mind a ketten meg tudjuk oldani, hogy itthonr\u00f3l dolgozzunk. Emellett meg pr\u00f3b\u00e1ljuk \u00f6sszehangolni, hogy kinek milyen megbesz\u00e9l\u00e9se van, mennyire fontos, mennyit kell besz\u00e9lnie, mert ennek megfelel\u0151en olyankor az egyik\u00fcnk \u00e1tmegy egy m\u00e1sik szob\u00e1ba, hogy ne zavarja a m\u00e1sikat. D\u00e9lben mindig egy\u00fctt eb\u00e9del a csal\u00e1d, azt\u00e1n ut\u00e1na mindenki megy vissza a dolg\u00e1ra.<\/p>\n\n\n\n<p>A gyerekek napirendj\u00e9r\u0151l, \u00e9s azt, hogy hogyan \u00e9lik meg az itthoni tanul\u00e1st majd lesz egy k\u00fcl\u00f6n bejegyz\u00e9s.&nbsp;<\/p>\n\n\n\n<p>D\u00e9lut\u00e1n miut\u00e1n mindenki v\u00e9gzet, megy\u00fcnk ki a szabadba. Vagy az erd\u0151be, vagy a tengerpartra vagy csak ki ide k\u00f6rny\u00e9kre.&nbsp; Futunk, focizunk, kos\u00e1rlabd\u00e1zunk vagy csak s\u00e9t\u00e1lunk\u2026 Mindegy, csak l\u00e9nyeg, hogy leveg\u0151n legy\u00fcnk, \u00e9s \u00e1tmozgassuk magunkat. Id\u00e1ig az id\u0151j\u00e1r\u00e1s vel\u00fcnk volt, mert az elm\u00falt egy h\u00e9tben v\u00e9gig s\u00fct\u00f6tt a nap, \u00e9s 7-10 fok volt. Az utc\u00e1n vagy a parkokban bicikliz\u0151, kocog\u00f3, s\u00e9t\u00e1l\u00f3 csal\u00e1dokat lehet l\u00e1tni. De szerencs\u00e9re nincsenek t\u00f6megek, gondolom m\u00e1sok is ker\u00fclik az embereket, nem csak mi.&nbsp; A bev\u00e1s\u00e1rl\u00e1st pedig itthonr\u00f3l, online int\u00e9zz\u00fck. K\u00f6zben figyelj\u00fck a h\u00edreket, az ittenit \u00e9s az otthonit is. Itt folyamatosan t\u00e1j\u00e9koztatj\u00e1k a n\u00e9pet, hogy hol, mennyi megbeteged\u00e9s van.&nbsp;<\/p>\n\n\n\n<p>Sz\u00f3val akkor j\u00f6jjenek az adatok:<\/p>\n\n\n\n<p>Id\u00e1ig \u00f6sszesen t\u00f6bb, mint 54000 embert teszteltek, \u00e9s jelenleg 2200 fert\u0151z\u00f6tt van, 173-an vannak k\u00f3rh\u00e1zban, \u00e9s sajnos heten elhunytak. Pontosan lehet tudni, hogy melyik r\u00e9gi\u00f3ban, mennyien betegek. Ez a folyamatos inform\u00e1l\u00e1s ad egy fajta biztons\u00e1g \u00e9rzetett. Az id\u0151sekre itt is pr\u00f3b\u00e1lnak vigy\u00e1zni. P\u00e9ld\u00e1ul itt a k\u00f6rny\u00e9ken l\u00e9trehoztak egy facebook csoportot, ahova be lehet \u00edrni, akinek seg\u00edts\u00e9gre van sz\u00fcks\u00e9ge, vagy aki seg\u00edteni tud. Az egyik \u00e9lelmiszerl\u00e1nc ki\u00edrta, hogy minden nap reggel 8 \u00e9s 9 k\u00f6z\u00f6tt a 65 \u00e9v felettiek, \u00e9s kr\u00f3nikus beteg v\u00e1s\u00e1rolhatnak. Emellett megk\u00e9rt\u00e9k a lakoss\u00e1got, hogy most ne menjek a hegyekbe a nyaral\u00f3jukba, hanem maradjon mindenki a lakhely\u00e9n.\u00a0 Akik nem tesznek ennek eleget, azokat  ak\u00e1r 15.000 koron\u00e1ra (400.000 FT-ra) is megb\u00fcntethetik.<br>N\u00e9ha olyan sz\u00fcrre\u00e1lis ez az eg\u00e9sz ahogyan \u00fcl\u00fcnk itthon, \u00e9s m\u00e1r m\u00e1r azt v\u00e1rjuk, hogy vajon mikor jelentkeznek a betegs\u00e9g t\u00fcnetei rajtunk. Pl\u00e1ne, amikor kapjuk a h\u00edrt, hogy a munkahely\u00fcnk\u00f6n is volt, akin m\u00e1r kimutatt\u00e1k a koron\u00e1t.\u00a0<br>\u00cdgy \u00e1llunk most egy h\u00e9t ut\u00e1n. Rep.jegyek t\u00f6r\u00f6lve, maradunk itthon Norv\u00e9gi\u00e1ban, \u00e9s k\u00f6zben agg\u00f3dunk az otthoniak miatt, hogy mindenki nagyobb megbeteged\u00e9s n\u00e9lk\u00fcl \u00e1tv\u00e9szelje ezt az id\u0151szakot.\u00a0<br><\/p>\n\n\n\n<figure class=\"wp-block-image size-large\"><img loading=\"lazy\" decoding=\"async\" width=\"2046\" height=\"2046\" src=\"https:\/\/hellonorvegia.devengo.hu\/wp-content\/uploads\/2020\/03\/IMG_5399-COLLAGE.jpg\" alt=\"\" class=\"wp-image-276\"\/><\/figure>\n","protected":false},"excerpt":{"rendered":"<p>Vas\u00e1rnap d\u00e9lut\u00e1n van, \u00fcl\u00f6k a kanap\u00e9n a nagyszob\u00e1ban \u00e9s azon gondolkodom, hogy 2 hete m\u00e9g naivan nem gondoltam volna, hogy m\u00e1r t\u00fal lesz\u00fcnk ilyenkor az els\u0151 heti iskolai bez\u00e1r\u00e1son. \u00c9rdekesen alakult \u00e1t az \u00e9let\u00fcnk, \u00e9s pr\u00f3b\u00e1ltunk egy \u00faj fajta rutint bevezetni a mindennapjainkban. \u00c1ltal\u00e1ban 7 \u00e9s f\u00e9l 8 k\u00f6z\u00f6tt kel\u00fcnk, \u00e9s legk\u00e9s\u0151bb 8-kor m\u00e1r \u201cbe [&hellip;]<\/p>\n","protected":false},"author":2,"featured_media":0,"comment_status":"open","ping_status":"open","sticky":false,"template":"","format":"standard","meta":{"footnotes":""},"categories":[1],"tags":[],"class_list":["post-275","post","type-post","status-publish","format-standard","hentry","category-uncategorized"],"_links":{"self":[{"href":"https:\/\/hellonorvegia.devengo.hu\/index.php?rest_route=\/wp\/v2\/posts\/275","targetHints":{"allow":["GET"]}}],"collection":[{"href":"https:\/\/hellonorvegia.devengo.hu\/index.php?rest_route=\/wp\/v2\/posts"}],"about":[{"href":"https:\/\/hellonorvegia.devengo.hu\/index.php?rest_route=\/wp\/v2\/types\/post"}],"author":[{"embeddable":true,"href":"https:\/\/hellonorvegia.devengo.hu\/index.php?rest_route=\/wp\/v2\/users\/2"}],"replies":[{"embeddable":true,"href":"https:\/\/hellonorvegia.devengo.hu\/index.php?rest_route=%2Fwp%2Fv2%2Fcomments&post=275"}],"version-history":[{"count":1,"href":"https:\/\/hellonorvegia.devengo.hu\/index.php?rest_route=\/wp\/v2\/posts\/275\/revisions"}],"predecessor-version":[{"id":277,"href":"https:\/\/hellonorvegia.devengo.hu\/index.php?rest_route=\/wp\/v2\/posts\/275\/revisions\/277"}],"wp:attachment":[{"href":"https:\/\/hellonorvegia.devengo.hu\/index.php?rest_route=%2Fwp%2Fv2%2Fmedia&parent=275"}],"wp:term":[{"taxonomy":"category","embeddable":true,"href":"https:\/\/hellonorvegia.devengo.hu\/index.php?rest_route=%2Fwp%2Fv2%2Fcategories&post=275"},{"taxonomy":"post_tag","embeddable":true,"href":"https:\/\/hellonorvegia.devengo.hu\/index.php?rest_route=%2Fwp%2Fv2%2Ftags&post=275"}],"curies":[{"name":"wp","href":"https:\/\/api.w.org\/{rel}","templated":true}]}}