{"id":278,"date":"2020-03-22T19:20:28","date_gmt":"2020-03-22T18:20:28","guid":{"rendered":"https:\/\/hellonorvegia.devengo.hu\/?p=278"},"modified":"2020-03-30T19:04:10","modified_gmt":"2020-03-30T17:04:10","slug":"home-school-1-het","status":"publish","type":"post","link":"https:\/\/hellonorvegia.devengo.hu\/?p=278","title":{"rendered":"Home school 1. h\u00e9t"},"content":{"rendered":"\n<p>Azt hiszem ezt a posztot t\u00f6bb embert fog \u00e9rdekelni, pl\u00e1ne, hogy otthon is bez\u00e1rtak az iskol\u00e1k m\u00falt h\u00e9ten, \u00e9s nap, mint nap olvastam a neten, hogyan pr\u00f3b\u00e1ltak otthon a tan\u00e1rok az \u00faj helyzetben helyt \u00e1llni. Itt valamivel k\u00f6nnyebb dolguk van a tan\u00e1roknak, mert eleve az oktat\u00e1s, a h\u00e1zi feladatok ellen\u0151rz\u00e9se r\u00e9szben digit\u00e1lisan t\u00f6rt\u00e9nik. Nem biztos, hogy ez Norv\u00e9gia minden ter\u00fclet\u00e9n igy van, de itt a mi k\u00f6rny\u00e9k\u00fcnk\u00f6n, eleve minden gyereknek van egy iPadje, amit az iskol\u00e1t\u00f3l kapott. Azon vannak k\u00fcl\u00f6nb\u00f6z\u0151 iskolai applik\u00e1ci\u00f3k, amin kereszt\u00fcl a gyerekek bek\u00fcldik a h\u00e1zi feladatot, \u00e9s a tan\u00e1rok is ezen kereszt\u00fcl adnak visszajelz\u00e9st. Err\u0151l b\u0151vebben m\u00e1r \u00edrtam egy bejegyz\u00e9st, aki akarja visszaolvashatja.&nbsp; A l\u00e9nyeg, hogy r\u00e9szben ezeket az applik\u00e1ci\u00f3kat haszn\u00e1lva oktatnak most a tan\u00e1rok.<\/p>\n\n\n\n<p>Persze az\u00e9rt van k\u00fcl\u00f6nbs\u00e9g az \u00e1ltal\u00e1nos iskola \u00e9s az als\u00f3 k\u00f6z\u00e9piskola k\u00f6z\u00f6tt. Ezzel kapcsolatban ki is faggattam a k\u00e9t gyereket:<br><\/p>\n\n\n\n<p><strong>Hogyan kapj\u00e1tok meg a tananyagot?<\/strong><\/p>\n\n\n\n<p>Norbi: A showbie-ba k\u00fcldi be minden reggel az of\u0151 a tananyagot, amit aznapra kell megcsin\u00e1lni.<\/p>\n\n\n\n<p>Panka: Az iskola honlapj\u00e1ra van felt\u00e9ve az eg\u00e9sz heti anyag, de ett\u0151l f\u00fcggetlen\u00fcl minden nap el is k\u00fcldik.<br><\/p>\n\n\n\n<p><strong>Van valami id\u0151korl\u00e1t, ami alatt v\u00e9gezni kell a feladatokkal?<\/strong><\/p>\n\n\n\n<p>Panka: Nek\u00fcnk a feladatokat eleve az \u00f3rarend alapj\u00e1n \u00e1ll\u00edtj\u00e1k \u00f6ssze. Annak megfelel\u0151en abban az id\u0151ben azt a feladatot kell megcsin\u00e1lnom, amikor \u00e9pp az az \u00f3r\u00e1m lenne, \u00e9s \u00f3ra v\u00e9g\u00e9n be kell k\u00fcldenem az elk\u00e9sz\u00fclt munk\u00e1t.<\/p>\n\n\n\n<p>Norbi: Mi nem tartjuk az \u00f3rarendet. Minden nap van norv\u00e9g, matek, k\u00f6rnyezetismeret \u00f3r\u00e1nk. Az angolt p\u00e9ntekig kellett megcsin\u00e1lnunk, \u00e9s napk\u00f6zben van tesi is. Kb minden nap f\u00e9l 2-ig kell tanulnunk, \u00fagy mint a suliban.<br><\/p>\n\n\n\n<p><strong>Hogyan pr\u00f3b\u00e1lj\u00e1k most megtartani n\u00e1latok az oszt\u00e1lyk\u00f6z\u00f6ss\u00e9get?<\/strong><\/p>\n\n\n\n<p>Panka: Az egyik tan\u00e1runk \u00f3r\u00e1j\u00e1n p\u00e9ld\u00e1ul fel kellett h\u00edvni a padt\u00e1rsunkat vide\u00f3h\u00edv\u00e1sban \u00e9s egy\u00fctt kellett dolgoznunk. A h\u00edv\u00e1sr\u00f3l k\u00e9perny\u0151fot\u00f3t kellett csin\u00e1lnunk \u00e9s azt kellett bek\u00fcldeni a tan\u00e1rnak. M\u00e1sik alkalommal, meg megk\u00e9rt a tan\u00e1r mindenkit, hogy k\u00fcldj\u00f6n mag\u00e1r\u00f3l egy k\u00e9pet, illetve van egy k\u00f6z\u00f6s chat ablakunk, amin kereszt\u00fcl tudunk besz\u00e9lgetni.<\/p>\n\n\n\n<p>Norbi: Nek\u00fcnk is van egy k\u00f6z\u00f6s chat ablakunk, ahol minden reggel be kell k\u00f6sz\u00f6nni, \u00e9s ott szoktam besz\u00e9lgetni a bar\u00e1taimmal is, \u00e9s oda k\u00fcldt\u00fck be mindannyian, amikor origamit kellett csin\u00e1lni. \u00cdgy l\u00e1ttuk, ki mit csin\u00e1lt.<br><\/p>\n\n\n\n<p><strong>Nektek mik az el\u0151nyei \u00e9s a h\u00e1tr\u00e1nyai az itthoni tanul\u00e1snak?<\/strong><\/p>\n\n\n\n<p>Norbi: Az el\u0151nye az, hogy kevesebb a tanulni val\u00f3nk, \u00e9s a h\u00e1tr\u00e1nya az, hogy nem tal\u00e1lkozok a bar\u00e1taimmal.<\/p>\n\n\n\n<p>Panka: Tov\u00e1bb alhatok, itthoni ruh\u00e1ban lehetek, nincs h\u00e1zi feladat, \u00e9s t\u00f6bb id\u0151 van most magamra. A h\u00e1tr\u00e1nya, nem tal\u00e1lkozok a t\u00f6bbiekkel, \u00e9s nagyon egybefolynak a napok, mert nincsenek edz\u00e9seim. Az edz\u00e9sek nagyon hi\u00e1nyoznak.&nbsp;<br><\/p>\n\n\n\n<p>K\u00f6sz\u00f6n\u00f6m, hogy ism\u00e9t v\u00e1laszoltatok a k\u00e9rd\u00e9seimre!<\/p>\n\n\n\n<p>Szerencs\u00e9re a gyerekek is \u00fcgyesen be\u00e1lltak egy napi rutinra. F\u00e9l 8 k\u00f6r\u00fcl kelnek, reggeli, \u00f6lt\u00f6z\u00e9s, azt\u00e1n am\u00edg nem kezd\u0151dik az \u00f3ra vagy olvasnak vagy az itthoni h\u00e1zi munk\u00e1ba seg\u00edtenek be, mint pl \u00f6sszer\u00e1molni, ki- \u00e9s bepakolni a mosogat\u00f3g\u00e9pbe. D\u00e9lel\u0151tt tanulnak, \u00e9s odafigyelnek arra, hogy Jan\u00e1val tudjunk dolgozni. Megbesz\u00e9lt\u00fck vel\u00fck, hogy azzal, hogy most mindenki itthon van nagyon fontos, hogy m\u00e9g jobban odafigyelj\u00fcnk egym\u00e1sra, \u00e9s arra, hogy mindenki kivegye a r\u00e9sz\u00e9t, hogy a lak\u00e1sban tov\u00e1bbra is rend \u00e9s tisztas\u00e1g legyen. Egyenl\u0151re m\u0171k\u00f6dik a dolog, \u00e9s sz\u00f3 n\u00e9lk\u00fcl seg\u00edtenek szerencs\u00e9re. Elvileg m\u00e1r csak j\u00f6v\u0151 h\u00e9ten kellene itthon lenni\u00fck, de eln\u00e9zve, ahogyan n\u00f6vekszik a betegek sz\u00e1ma, nagyon csod\u00e1lkozn\u00e9k, ha ezt az id\u0151tartamot nem hosszabb\u00edtan\u00e1k meg.\u00a0 <br><\/p>\n\n\n\n<figure class=\"wp-block-image size-large\"><img loading=\"lazy\" decoding=\"async\" width=\"4032\" height=\"3024\" src=\"https:\/\/hellonorvegia.devengo.hu\/wp-content\/uploads\/2020\/03\/IMG_5485.jpg\" alt=\"\" class=\"wp-image-279\"\/><\/figure>\n","protected":false},"excerpt":{"rendered":"<p>Azt hiszem ezt a posztot t\u00f6bb embert fog \u00e9rdekelni, pl\u00e1ne, hogy otthon is bez\u00e1rtak az iskol\u00e1k m\u00falt h\u00e9ten, \u00e9s nap, mint nap olvastam a neten, hogyan pr\u00f3b\u00e1ltak otthon a tan\u00e1rok az \u00faj helyzetben helyt \u00e1llni. Itt valamivel k\u00f6nnyebb dolguk van a tan\u00e1roknak, mert eleve az oktat\u00e1s, a h\u00e1zi feladatok ellen\u0151rz\u00e9se r\u00e9szben digit\u00e1lisan t\u00f6rt\u00e9nik. Nem biztos, [&hellip;]<\/p>\n","protected":false},"author":2,"featured_media":0,"comment_status":"open","ping_status":"open","sticky":false,"template":"","format":"standard","meta":{"footnotes":""},"categories":[1],"tags":[],"class_list":["post-278","post","type-post","status-publish","format-standard","hentry","category-uncategorized"],"_links":{"self":[{"href":"https:\/\/hellonorvegia.devengo.hu\/index.php?rest_route=\/wp\/v2\/posts\/278","targetHints":{"allow":["GET"]}}],"collection":[{"href":"https:\/\/hellonorvegia.devengo.hu\/index.php?rest_route=\/wp\/v2\/posts"}],"about":[{"href":"https:\/\/hellonorvegia.devengo.hu\/index.php?rest_route=\/wp\/v2\/types\/post"}],"author":[{"embeddable":true,"href":"https:\/\/hellonorvegia.devengo.hu\/index.php?rest_route=\/wp\/v2\/users\/2"}],"replies":[{"embeddable":true,"href":"https:\/\/hellonorvegia.devengo.hu\/index.php?rest_route=%2Fwp%2Fv2%2Fcomments&post=278"}],"version-history":[{"count":3,"href":"https:\/\/hellonorvegia.devengo.hu\/index.php?rest_route=\/wp\/v2\/posts\/278\/revisions"}],"predecessor-version":[{"id":286,"href":"https:\/\/hellonorvegia.devengo.hu\/index.php?rest_route=\/wp\/v2\/posts\/278\/revisions\/286"}],"wp:attachment":[{"href":"https:\/\/hellonorvegia.devengo.hu\/index.php?rest_route=%2Fwp%2Fv2%2Fmedia&parent=278"}],"wp:term":[{"taxonomy":"category","embeddable":true,"href":"https:\/\/hellonorvegia.devengo.hu\/index.php?rest_route=%2Fwp%2Fv2%2Fcategories&post=278"},{"taxonomy":"post_tag","embeddable":true,"href":"https:\/\/hellonorvegia.devengo.hu\/index.php?rest_route=%2Fwp%2Fv2%2Ftags&post=278"}],"curies":[{"name":"wp","href":"https:\/\/api.w.org\/{rel}","templated":true}]}}