{"id":282,"date":"2020-03-29T19:25:32","date_gmt":"2020-03-29T17:25:32","guid":{"rendered":"https:\/\/hellonorvegia.devengo.hu\/?p=282"},"modified":"2020-03-29T19:25:32","modified_gmt":"2020-03-29T17:25:32","slug":"home-office-home-school-2-felvonas","status":"publish","type":"post","link":"https:\/\/hellonorvegia.devengo.hu\/?p=282","title":{"rendered":"Home office, home school 2. felvon\u00e1s"},"content":{"rendered":"\n<p>T\u00fal vagyunk egy \u00fajabb itthoni munk\u00e1s \u00e9s tanul\u00f3s h\u00e9ten, \u00e9s most m\u00e1r hivatalos, hogy minimum h\u00fasv\u00e9tig ez az \u00e1llapot fog fenn\u00e1llni. A h\u00e9ten d\u00f6nt\u00f6ttek \u00e9s jelentett\u00e9k be ugyanis, hogy tov\u00e1bbra is mindenki \u00e9rdeke, hogy otthon maradjon. Emellett el\u0151ker\u00fclt itt egy m\u00e1sik kardin\u00e1lis k\u00e9rd\u00e9s is, hogy az emberek elutazhatnak-e a nyaral\u00f3jukba, legal\u00e1bb h\u00fasv\u00e9tkor. Itt a h\u00fasv\u00e9t egy 5 napos \u00fcnnep, \u00e9s annak m\u00e1r hagyom\u00e1nya van, hogy a norv\u00e9gok felkerekednek \u00e9s elutaznak a hytte-be, ott t\u00f6ltik az \u00fcnnepeket, s\u00edelnek m\u00e9g egy utols\u00f3t miel\u0151tt v\u00e9ge van a szezonnak. Sokan szerett\u00e9k volna, ha legal\u00e1bb ezen az int\u00e9zked\u00e9sen laz\u00edtanak, de a Minisztereln\u00f6k asszony vil\u00e1gosan fogalmazott, hogy akik ezt szeretn\u00e9k, vegyenek k\u00e1rty\u00e1t, \u00fcljenek be a nagyszob\u00e1ba otthon, \u00e9s k\u00e9pzelj\u00e9k azt, hogy a nyaral\u00f3ban vannak. A v\u00e1lasz tov\u00e1bbra is az, hogy mindenki maradjon a lakhely\u00e9n. Kij\u00e1r\u00e1si tilalom tov\u00e1bbra sincs, de kint az utc\u00e1n az embereknek 2 m\u00e9teres t\u00e1vols\u00e1got kell tartani, \u00e9s \u00fagy t\u0171nik, hogy be is tartj\u00e1k. Nem egyszer l\u00e1ttunk embereket \u00fagy besz\u00e9lgetni, hogy k\u00f6zben megtartott\u00e1k a k\u00e9rt t\u00e1vols\u00e1got. Egyenl\u0151re mindenki kiv\u00e1r, mik\u00f6zben borzadva olvassuk a h\u00edreket, hogy most m\u00e1r egyre t\u00f6bb orsz\u00e1gban ugrott meg a betegek sz\u00e1ma. Itt a mai napig 85136 embert teszteltek, 4102 fert\u0151z\u00f6tt van \u00e9s sajnos 22-en meghaltak. Egyenl\u0151re a k\u00f3rh\u00e1zak nincsenek m\u00e9g tel\u00edtve szerencs\u00e9re. J\u00f3 lenne ha ez \u00edgy is maradna\u2026<\/p>\n\n\n\n<p>Mi pedig addig is alkalmazkodunk ehhez az \u00faj \u00e9lethez. H\u00e9tk\u00f6znap tanul\u00e1s, edz\u00e9s\u2026,h\u00e9tv\u00e9g\u00e9n t\u00far\u00e1z\u00e1s\u2026, ebb\u0151l \u00e1ll most az \u00e9let\u00fcnk. Ennyi. Enn\u00e9l el\u0151r\u00e9bb nem tudok, \u00e9s nem is akarok most egyenl\u0151re tervezni. Persze f\u00e1j, hogy nem tudunk h\u00fasv\u00e9tkor hazaj\u00f6nni, j\u00f3 lett volna, ha ism\u00e9t egy\u00fctt van a csal\u00e1d\u2026, de most az a l\u00e9nyeg, hogy legy\u00fcnk t\u00fal\u00a0 ezen az id\u0151szakon minden nagyobb megbeteged\u00e9s n\u00e9lk\u00fcl.  Addig is tartjuk a kapcsolatot az otthoniakkal messengeren, whatsup-on\u2026 Hi\u00e1nyoztok&#8230;<\/p>\n\n\n\n<p><br><\/p>\n\n\n\n<figure class=\"wp-block-image size-large\"><img loading=\"lazy\" decoding=\"async\" width=\"1024\" height=\"1024\" src=\"https:\/\/hellonorvegia.devengo.hu\/wp-content\/uploads\/2020\/03\/43C6FBD8-4C67-401E-9215-1F930EA1B858-COLLAGE.jpg\" alt=\"\" class=\"wp-image-283\"\/><\/figure>\n","protected":false},"excerpt":{"rendered":"<p>T\u00fal vagyunk egy \u00fajabb itthoni munk\u00e1s \u00e9s tanul\u00f3s h\u00e9ten, \u00e9s most m\u00e1r hivatalos, hogy minimum h\u00fasv\u00e9tig ez az \u00e1llapot fog fenn\u00e1llni. A h\u00e9ten d\u00f6nt\u00f6ttek \u00e9s jelentett\u00e9k be ugyanis, hogy tov\u00e1bbra is mindenki \u00e9rdeke, hogy otthon maradjon. Emellett el\u0151ker\u00fclt itt egy m\u00e1sik kardin\u00e1lis k\u00e9rd\u00e9s is, hogy az emberek elutazhatnak-e a nyaral\u00f3jukba, legal\u00e1bb h\u00fasv\u00e9tkor. Itt a h\u00fasv\u00e9t [&hellip;]<\/p>\n","protected":false},"author":2,"featured_media":0,"comment_status":"open","ping_status":"open","sticky":false,"template":"","format":"standard","meta":{"footnotes":""},"categories":[1],"tags":[],"class_list":["post-282","post","type-post","status-publish","format-standard","hentry","category-uncategorized"],"_links":{"self":[{"href":"https:\/\/hellonorvegia.devengo.hu\/index.php?rest_route=\/wp\/v2\/posts\/282","targetHints":{"allow":["GET"]}}],"collection":[{"href":"https:\/\/hellonorvegia.devengo.hu\/index.php?rest_route=\/wp\/v2\/posts"}],"about":[{"href":"https:\/\/hellonorvegia.devengo.hu\/index.php?rest_route=\/wp\/v2\/types\/post"}],"author":[{"embeddable":true,"href":"https:\/\/hellonorvegia.devengo.hu\/index.php?rest_route=\/wp\/v2\/users\/2"}],"replies":[{"embeddable":true,"href":"https:\/\/hellonorvegia.devengo.hu\/index.php?rest_route=%2Fwp%2Fv2%2Fcomments&post=282"}],"version-history":[{"count":1,"href":"https:\/\/hellonorvegia.devengo.hu\/index.php?rest_route=\/wp\/v2\/posts\/282\/revisions"}],"predecessor-version":[{"id":284,"href":"https:\/\/hellonorvegia.devengo.hu\/index.php?rest_route=\/wp\/v2\/posts\/282\/revisions\/284"}],"wp:attachment":[{"href":"https:\/\/hellonorvegia.devengo.hu\/index.php?rest_route=%2Fwp%2Fv2%2Fmedia&parent=282"}],"wp:term":[{"taxonomy":"category","embeddable":true,"href":"https:\/\/hellonorvegia.devengo.hu\/index.php?rest_route=%2Fwp%2Fv2%2Fcategories&post=282"},{"taxonomy":"post_tag","embeddable":true,"href":"https:\/\/hellonorvegia.devengo.hu\/index.php?rest_route=%2Fwp%2Fv2%2Ftags&post=282"}],"curies":[{"name":"wp","href":"https:\/\/api.w.org\/{rel}","templated":true}]}}