{"id":287,"date":"2020-04-05T17:14:56","date_gmt":"2020-04-05T15:14:56","guid":{"rendered":"https:\/\/hellonorvegia.devengo.hu\/?p=287"},"modified":"2020-04-05T17:14:56","modified_gmt":"2020-04-05T15:14:56","slug":"3-het-itthonrol","status":"publish","type":"post","link":"https:\/\/hellonorvegia.devengo.hu\/?p=287","title":{"rendered":"3. h\u00e9t itthonr\u00f3l"},"content":{"rendered":"\n<p>T\u00fal vagyunk egy \u00fajabb dolgos, tanul\u00f3s h\u00e9ten. El\u00e9g hamar \u00e1t\u00e1lltunk erre az \u00faj rendszerre, \u00e9s k\u00f6zben magunkban rem\u00e9nyked\u00fcnk, hogy egyszer ennek is v\u00e9ge lesz, \u00e9s minden visszat\u00e9r a r\u00e9gi ker\u00e9kv\u00e1g\u00e1sba. F\u00fcggetlen att\u00f3l, hogy benn\u00fcnk van a f\u00e9lelem, hogy az otthoniak k\u00f6z\u00fcl senki ne betegedjen le, \u00e9s f\u00e1j annak a gondolata, hogy ki tudja mikor fogunk \u00fajb\u00f3l tal\u00e1lkozni, pr\u00f3b\u00e1lom ebb\u0151l a helyzetb\u0151l az\u00e9rt megl\u00e1tni a j\u00f3t is. Mi\u00f3ta 3 hete \u00f6ssze vagyunk z\u00e1rva egy\u00fctt eb\u00e9del\u00fcnk, d\u00e9lut\u00e1n munka ut\u00e1n vagy elmegy\u00fcnk kir\u00e1ndulni, vagy \u00e9ppen egy\u00fctt edz\u00fcnk. J\u00f3 \u00e9rz\u00e9s, amikor felpillantok a laptopom m\u00f6g\u00fcl, \u00e9s \u00f6sszevigyorgunk a Jan\u00e1val, vagy amikor valamelyik gyerek csak odaj\u00f6n hozz\u00e1nk \u00e9s \u00e1t\u00f6lel.&nbsp;<\/p>\n\n\n\n<p>Az is j\u00f3l esett, amikor Jan\u00e1ra r\u00e1\u00edrt egy volt koll\u00e9g\u00e1ja, hogy mi \u00fajs\u00e1g van vel\u00fcnk, vagy amikor a szomsz\u00e9d n\u00e9ni becs\u00f6ngetett, mert szerette volna tudni, hogy j\u00f3l vagyunk-e. Mondtam neki, hogy sz\u00f3ljanak, ha b\u00e1rmiben kellene segiteni, \u00e9s \u0150 is mondta, hogy ez r\u00e1nk is vonatkozik. J\u00f3 tudni, hogy nem vagyunk itt m\u00e1r teljesen egyed\u00fcl.\u00a0<br><\/p>\n\n\n\n<p>Ha j\u00f3l tudom j\u00f6v\u0151 h\u00e9ten d\u00f6ntik majd el, hogy h\u00fasv\u00e9t ut\u00e1n ism\u00e9t kinyitnak-e az iskol\u00e1k vagy sem. Egyenl\u0151re a gyerekeknek most egy h\u00e9tig sz\u00fcnet lesz, Jana is szabin van ebben az id\u0151ben, \u00e9n pedig dolgozok, mert rengeteg munk\u00e1nk van a kialakult helyzet miatt. Szerencs\u00e9nkre az id\u0151j\u00e1r\u00e1s is nek\u00fcnk kedvez. Eddig szinte minden nap s\u00fct\u00f6tt a nap, \u00e9s most m\u00e1r este 8-ig vil\u00e1gos van. Sz\u00f3val majd tervezhetj\u00fck az \u00fajabb kir\u00e1ndul\u00e1st valamelyik f\u00e9lszigetre, vagy erd\u0151be h\u00fasv\u00e9tkor.<br><\/p>\n\n\n\n<p>Addig is mindenki vigy\u00e1zzon mag\u00e1ra! Puszi<\/p>\n\n\n\n<p><br><\/p>\n\n\n\n<figure class=\"wp-block-image size-large\"><img loading=\"lazy\" decoding=\"async\" width=\"2320\" height=\"3088\" src=\"https:\/\/hellonorvegia.devengo.hu\/wp-content\/uploads\/2020\/04\/IMG_5775-1.jpg\" alt=\"\" class=\"wp-image-290\"\/><\/figure>\n","protected":false},"excerpt":{"rendered":"<p>T\u00fal vagyunk egy \u00fajabb dolgos, tanul\u00f3s h\u00e9ten. El\u00e9g hamar \u00e1t\u00e1lltunk erre az \u00faj rendszerre, \u00e9s k\u00f6zben magunkban rem\u00e9nyked\u00fcnk, hogy egyszer ennek is v\u00e9ge lesz, \u00e9s minden visszat\u00e9r a r\u00e9gi ker\u00e9kv\u00e1g\u00e1sba. F\u00fcggetlen att\u00f3l, hogy benn\u00fcnk van a f\u00e9lelem, hogy az otthoniak k\u00f6z\u00fcl senki ne betegedjen le, \u00e9s f\u00e1j annak a gondolata, hogy ki tudja mikor fogunk [&hellip;]<\/p>\n","protected":false},"author":2,"featured_media":0,"comment_status":"open","ping_status":"open","sticky":false,"template":"","format":"standard","meta":{"footnotes":""},"categories":[1],"tags":[],"class_list":["post-287","post","type-post","status-publish","format-standard","hentry","category-uncategorized"],"_links":{"self":[{"href":"https:\/\/hellonorvegia.devengo.hu\/index.php?rest_route=\/wp\/v2\/posts\/287","targetHints":{"allow":["GET"]}}],"collection":[{"href":"https:\/\/hellonorvegia.devengo.hu\/index.php?rest_route=\/wp\/v2\/posts"}],"about":[{"href":"https:\/\/hellonorvegia.devengo.hu\/index.php?rest_route=\/wp\/v2\/types\/post"}],"author":[{"embeddable":true,"href":"https:\/\/hellonorvegia.devengo.hu\/index.php?rest_route=\/wp\/v2\/users\/2"}],"replies":[{"embeddable":true,"href":"https:\/\/hellonorvegia.devengo.hu\/index.php?rest_route=%2Fwp%2Fv2%2Fcomments&post=287"}],"version-history":[{"count":1,"href":"https:\/\/hellonorvegia.devengo.hu\/index.php?rest_route=\/wp\/v2\/posts\/287\/revisions"}],"predecessor-version":[{"id":291,"href":"https:\/\/hellonorvegia.devengo.hu\/index.php?rest_route=\/wp\/v2\/posts\/287\/revisions\/291"}],"wp:attachment":[{"href":"https:\/\/hellonorvegia.devengo.hu\/index.php?rest_route=%2Fwp%2Fv2%2Fmedia&parent=287"}],"wp:term":[{"taxonomy":"category","embeddable":true,"href":"https:\/\/hellonorvegia.devengo.hu\/index.php?rest_route=%2Fwp%2Fv2%2Fcategories&post=287"},{"taxonomy":"post_tag","embeddable":true,"href":"https:\/\/hellonorvegia.devengo.hu\/index.php?rest_route=%2Fwp%2Fv2%2Ftags&post=287"}],"curies":[{"name":"wp","href":"https:\/\/api.w.org\/{rel}","templated":true}]}}