{"id":293,"date":"2020-04-09T18:19:26","date_gmt":"2020-04-09T16:19:26","guid":{"rendered":"https:\/\/hellonorvegia.devengo.hu\/?p=293"},"modified":"2020-04-09T18:19:26","modified_gmt":"2020-04-09T16:19:26","slug":"egy-egeszen-mas-husvet","status":"publish","type":"post","link":"https:\/\/hellonorvegia.devengo.hu\/?p=293","title":{"rendered":"Egy eg\u00e9szen m\u00e1s h\u00fasv\u00e9t"},"content":{"rendered":"\n<p>M\u00e1r 2 napja otthon k\u00e9ne lenn\u00fcnk. Elvileg a mai napra az volt a terv, hogy elugrunk az Aqua Worldbe, mert Norm\u00f3 ezt k\u00e9rte a sz\u00fclinapj\u00e1ra. Nekem tegnap \u00f3ta a hajam ism\u00e9t a megszokott m\u00f3don lenne bel\u0151ve, miut\u00e1n el\u0151z\u0151 nap Timi form\u00e1ra ny\u00edrta, \u00e9s befestette. T\u00fal lenn\u00e9nk egy csal\u00e1di eb\u00e9den any\u00f3som\u00e9kkal, \u00e9s egy k\u00f6z\u00f6s vacsor\u00e1n anyuval, \u00e9s Laur\u00e1val. K\u00e9sz\u00fcln\u00e9nk a h\u00e9tv\u00e9g\u00e9re,amikor is \u00f6sszej\u00f6v\u00fcnk tesom\u00e9kkal, \u00e9s vas\u00e1rnap Andris\u00e9kkal\u2026 \u00e9s m\u00e9g sorolhatn\u00e1m, mennyi mindent tervezt\u00fcnk a h\u00fasv\u00e9tra. Azt\u00e1n j\u00f6tt a virus, j\u00f6tt a karant\u00e9n, \u00e9s \u00fagy t\u0171nik ezt a h\u00fasv\u00e9tot senki nem fogja elfelejteni. Ez lesz az els\u0151 olyan \u00fcnnep, amikor a csal\u00e1dok nem j\u00f6nnek \u00f6ssze, \u00e9s mindenki mag\u00e1ban fog \u00fcnnepelni. Tudom, hogy egyszer ennek v\u00e9ge lesz, de, ahogy mindenki m\u00e1sban is ott van a k\u00e9rd\u00e9s, \u00fagy bennem is megfogalmaz\u00f3dik, hogy vajon mikor lesz ez? Egyenl\u0151re itt a norv\u00e9gokn\u00e1l \u00fagy t\u0171nik id\u00e1ig siker\u00fclt a v\u00edrust kord\u00e1ban tartani. A napi 250 megbeteged\u00e9s lecs\u00f6kkent kb 150-re. Maszkot, keszty\u0171t senkin nem l\u00e1tok itt a mi k\u00f6rny\u00e9k\u00fcnk\u00f6n. Boltok, pl\u00e1z\u00e1k nyitva vannak, de a fodr\u00e1szok, kozmetikusok z\u00e1rva.&nbsp; T\u00f6bb, mint 3 hete a gyerekek otthon vannak, \u00e9s aki teheti home-officeb\u00f3l dolgozik. \u00c1prilis 20-t\u00f3l ezen fognak laz\u00edtani. Kinyitnak ism\u00e9t az ovik, \u00e9s az \u00e1ltal\u00e1nos iskol\u00e1k als\u00f3 tagozata. Ezzel els\u0151sorban azoknak a kisgyermekes csal\u00e1doknak fognak seg\u00edteni, akiknek a sz\u00fclei otthonr\u00f3l dolgozn\u00e1nak, csak nem mindig tudnak a kicsik mellett. Panka \u00e9s Norm\u00f3 koroszt\u00e1lya \u00e1prilis v\u00e9g\u00e9ig m\u00e9g biztosan otthonr\u00f3l fog tanulni, ut\u00e1na majd megl\u00e1tjuk mi lesz.&nbsp;<\/p>\n\n\n\n<p>Ez most egy ilyen \u00e9v, amikor felesleges b\u00e1rmit is el\u0151re tervezni. Vide\u00f3h\u00edv\u00e1sban tartjuk a kapcsolatot a csal\u00e1dunkkal, a bar\u00e1tainkkal \u00e9s nagyon rem\u00e9lem, hogy a k\u00f6zelj\u00f6v\u0151ben v\u00e9gre elj\u00f6n az az id\u0151, amikor ism\u00e9t meg\u00f6lelhetj\u00fck \u0151ket. Addig is kitart\u00e1st mindenkinek! Majd egyszer ez is elm\u00falik&#8230;<\/p>\n\n\n\n<figure class=\"wp-block-image size-large\"><img loading=\"lazy\" decoding=\"async\" width=\"3088\" height=\"2320\" src=\"https:\/\/hellonorvegia.devengo.hu\/wp-content\/uploads\/2020\/04\/IMG_5905.jpg\" alt=\"\" class=\"wp-image-294\"\/><\/figure>\n","protected":false},"excerpt":{"rendered":"<p>M\u00e1r 2 napja otthon k\u00e9ne lenn\u00fcnk. Elvileg a mai napra az volt a terv, hogy elugrunk az Aqua Worldbe, mert Norm\u00f3 ezt k\u00e9rte a sz\u00fclinapj\u00e1ra. Nekem tegnap \u00f3ta a hajam ism\u00e9t a megszokott m\u00f3don lenne bel\u0151ve, miut\u00e1n el\u0151z\u0151 nap Timi form\u00e1ra ny\u00edrta, \u00e9s befestette. T\u00fal lenn\u00e9nk egy csal\u00e1di eb\u00e9den any\u00f3som\u00e9kkal, \u00e9s egy k\u00f6z\u00f6s vacsor\u00e1n anyuval, [&hellip;]<\/p>\n","protected":false},"author":2,"featured_media":0,"comment_status":"open","ping_status":"open","sticky":false,"template":"","format":"standard","meta":{"footnotes":""},"categories":[1],"tags":[],"class_list":["post-293","post","type-post","status-publish","format-standard","hentry","category-uncategorized"],"_links":{"self":[{"href":"https:\/\/hellonorvegia.devengo.hu\/index.php?rest_route=\/wp\/v2\/posts\/293","targetHints":{"allow":["GET"]}}],"collection":[{"href":"https:\/\/hellonorvegia.devengo.hu\/index.php?rest_route=\/wp\/v2\/posts"}],"about":[{"href":"https:\/\/hellonorvegia.devengo.hu\/index.php?rest_route=\/wp\/v2\/types\/post"}],"author":[{"embeddable":true,"href":"https:\/\/hellonorvegia.devengo.hu\/index.php?rest_route=\/wp\/v2\/users\/2"}],"replies":[{"embeddable":true,"href":"https:\/\/hellonorvegia.devengo.hu\/index.php?rest_route=%2Fwp%2Fv2%2Fcomments&post=293"}],"version-history":[{"count":1,"href":"https:\/\/hellonorvegia.devengo.hu\/index.php?rest_route=\/wp\/v2\/posts\/293\/revisions"}],"predecessor-version":[{"id":295,"href":"https:\/\/hellonorvegia.devengo.hu\/index.php?rest_route=\/wp\/v2\/posts\/293\/revisions\/295"}],"wp:attachment":[{"href":"https:\/\/hellonorvegia.devengo.hu\/index.php?rest_route=%2Fwp%2Fv2%2Fmedia&parent=293"}],"wp:term":[{"taxonomy":"category","embeddable":true,"href":"https:\/\/hellonorvegia.devengo.hu\/index.php?rest_route=%2Fwp%2Fv2%2Fcategories&post=293"},{"taxonomy":"post_tag","embeddable":true,"href":"https:\/\/hellonorvegia.devengo.hu\/index.php?rest_route=%2Fwp%2Fv2%2Ftags&post=293"}],"curies":[{"name":"wp","href":"https:\/\/api.w.org\/{rel}","templated":true}]}}