{"id":297,"date":"2020-05-10T19:17:37","date_gmt":"2020-05-10T17:17:37","guid":{"rendered":"https:\/\/hellonorvegia.devengo.hu\/?p=297"},"modified":"2020-05-10T19:17:37","modified_gmt":"2020-05-10T17:17:37","slug":"lazitas","status":"publish","type":"post","link":"https:\/\/hellonorvegia.devengo.hu\/?p=297","title":{"rendered":"Laz\u00edt\u00e1s"},"content":{"rendered":"\n<p>J\u00f6v\u0151 h\u00e9ten lesz m\u00e1r k\u00e9t h\u00f3napja, hogy itthon \u00e9lj\u00fck meg a h\u00e9tk\u00f6znapjainkat. A kor\u00e1bbi megszokott \u00e9let\u00fcnkre m\u00e1r csak a google napt\u00e1r eml\u00e9keztet, amikor feldobja, hogy most kellene indulni, hogy vigyem a Pank\u00e1t edz\u00e9sre, vagy a Norbit. Hihetetlen, hogy ilyen r\u00f6vid id\u0151 alatt mennyire hozz\u00e1 szoktunk a m\u00e1sfajta h\u00e9tk\u00f6znapokhoz. Eml\u00e9kszem, amikor m\u00e9g az els\u0151 napokban kezdt\u00fcnk itthonr\u00f3l dolgozni, a gyerekek meg tanulni. Egyed\u00fcl Panka maradt a szob\u00e1j\u00e1ban, Jan\u00e1val \u00e9s Norm\u00f3val itt \u00fclt\u00fcnk egy\u00fctt a nagyszob\u00e1ban az \u00e9tkez\u0151asztaln\u00e1l. Azt\u00e1n, ahogy teltek a napok Jana bek\u00f6lt\u00f6z\u00f6tt a h\u00e1l\u00f3szob\u00e1ba, Norm\u00f3 meg bevonult a saj\u00e1t szob\u00e1j\u00e1ba tanulni. Kialakult az \u00faj napirend\u00fcnk, reggeli, tanul\u00e1s, munka, k\u00f6z\u00f6s eb\u00e9d, s\u00e9ta, edz\u00e9s, tengerparton napoz\u00e1s stb. T\u00f6bb id\u0151t t\u00f6lt\u00fctt\u00fcnk egy\u00fctt, mint valaha. K\u00f6zben az otthoniakkal is szorosabban tartottuk a kapcsolatot.\u00a0T\u00fal voltunk egy k\u00f6z\u00f6s virtu\u00e1lis, val\u00f3s h\u00fasv\u00e9ton, \u00e9s egy kiss\u00e9 rendhagy\u00f3 csal\u00e1di eb\u00e9d \u00e9s vacsor\u00e1n, ahova mindenki\u00a0 messengeren\/whatsup-on jelentkezett be. A r\u00e9gi megszokott \u00e9let\u00fcnk, nekem m\u00e1r egyre t\u00e1volabbinak t\u0171nt.\u00a0<\/p>\n\n\n\n<p>Azt\u00e1n a h\u00e9ten\u00a0 tartottak egy sajt\u00f3t\u00e1j\u00e9koztat\u00f3t, ahol laz\u00edt\u00e1sokat jelentettek be.A mi \u00e9let\u00fcnkben ez azt jelenti, hogy j\u00f6v\u0151 h\u00e9tt\u0151l a gyerekeknek ism\u00e9t kezd\u0151dik az iskola. Igaz egyenl\u0151re m\u00e9g egy fajta hibrid oktat\u00e1sban vesznek r\u00e9szt. Az otthontanul\u00e1st kombin\u00e1lj\u00e1k a bej\u00e1r\u00e1ssal. Pank\u00e1\u00e9kn\u00e1l p\u00e9ld\u00e1ul k\u00e9t csoporta lett felosztva az oszt\u00e1ly, \u00e9s amikor az egyik fele bent van a suliban, a m\u00e1sik fele otthonr\u00f3l tanul. Ezenk\u00edv\u00fcl kell, hogy legyen n\u00e1luk az iskol\u00e1ban k\u00e9zfert\u0151tlen\u00edt\u0151, \u00e9s az asztalt is mindig le kell t\u00f6r\u00f6lni\u00fck maguk ut\u00e1n. Maszkot, gumikeszty\u0171t nem kell hordaniuk, meg am\u00fagy sem kell itt senkinek. Mi m\u00e9g egyenl\u0151re itthonr\u00f3l dolgozunk, b\u00e1r m\u00e1r kaptunk \u00e9rtes\u00edt\u00e9st arr\u00f3l, hogy nemsok\u00e1ra lassan vissza lehet t\u00e9rni az irod\u00e1ba, de csak akkor, ha nem t\u00f6megk\u00f6zleked\u00e9ssel j\u00f6v\u00fcnk dolgozni. \u00c9n egyenl\u0151re m\u00e9g maradn\u00e9k itthon, am\u00edg csak lehet, pl\u00e1ne, hogy a gyerekek sem lesznek mindig iskol\u00e1ban. Azt\u00e1n kb 5-6 h\u00e9t \u00e9s kezd\u0151dik nekik a ny\u00e1ri sz\u00fcnet. Nyaral\u00e1sra, utaz\u00e1sra m\u00e9g gondolni sem tudok, tervezni meg szerintem felesleges. Majd \u00fagyis mindent a kialakult j\u00e1rv\u00e1nyhelyzet fog eld\u00f6nteni.\u00a0<\/p>\n\n\n\n<figure class=\"wp-block-image size-large\"><img loading=\"lazy\" decoding=\"async\" width=\"3032\" height=\"3023\" src=\"https:\/\/hellonorvegia.devengo.hu\/wp-content\/uploads\/2020\/05\/2B8F1831-B560-49B8-BDA0-B932A16A40B3.jpg\" alt=\"\" class=\"wp-image-298\"\/><\/figure>\n","protected":false},"excerpt":{"rendered":"<p>J\u00f6v\u0151 h\u00e9ten lesz m\u00e1r k\u00e9t h\u00f3napja, hogy itthon \u00e9lj\u00fck meg a h\u00e9tk\u00f6znapjainkat. A kor\u00e1bbi megszokott \u00e9let\u00fcnkre m\u00e1r csak a google napt\u00e1r eml\u00e9keztet, amikor feldobja, hogy most kellene indulni, hogy vigyem a Pank\u00e1t edz\u00e9sre, vagy a Norbit. Hihetetlen, hogy ilyen r\u00f6vid id\u0151 alatt mennyire hozz\u00e1 szoktunk a m\u00e1sfajta h\u00e9tk\u00f6znapokhoz. Eml\u00e9kszem, amikor m\u00e9g az els\u0151 napokban kezdt\u00fcnk [&hellip;]<\/p>\n","protected":false},"author":2,"featured_media":0,"comment_status":"open","ping_status":"open","sticky":false,"template":"","format":"standard","meta":{"footnotes":""},"categories":[1],"tags":[],"class_list":["post-297","post","type-post","status-publish","format-standard","hentry","category-uncategorized"],"_links":{"self":[{"href":"https:\/\/hellonorvegia.devengo.hu\/index.php?rest_route=\/wp\/v2\/posts\/297","targetHints":{"allow":["GET"]}}],"collection":[{"href":"https:\/\/hellonorvegia.devengo.hu\/index.php?rest_route=\/wp\/v2\/posts"}],"about":[{"href":"https:\/\/hellonorvegia.devengo.hu\/index.php?rest_route=\/wp\/v2\/types\/post"}],"author":[{"embeddable":true,"href":"https:\/\/hellonorvegia.devengo.hu\/index.php?rest_route=\/wp\/v2\/users\/2"}],"replies":[{"embeddable":true,"href":"https:\/\/hellonorvegia.devengo.hu\/index.php?rest_route=%2Fwp%2Fv2%2Fcomments&post=297"}],"version-history":[{"count":1,"href":"https:\/\/hellonorvegia.devengo.hu\/index.php?rest_route=\/wp\/v2\/posts\/297\/revisions"}],"predecessor-version":[{"id":299,"href":"https:\/\/hellonorvegia.devengo.hu\/index.php?rest_route=\/wp\/v2\/posts\/297\/revisions\/299"}],"wp:attachment":[{"href":"https:\/\/hellonorvegia.devengo.hu\/index.php?rest_route=%2Fwp%2Fv2%2Fmedia&parent=297"}],"wp:term":[{"taxonomy":"category","embeddable":true,"href":"https:\/\/hellonorvegia.devengo.hu\/index.php?rest_route=%2Fwp%2Fv2%2Fcategories&post=297"},{"taxonomy":"post_tag","embeddable":true,"href":"https:\/\/hellonorvegia.devengo.hu\/index.php?rest_route=%2Fwp%2Fv2%2Ftags&post=297"}],"curies":[{"name":"wp","href":"https:\/\/api.w.org\/{rel}","templated":true}]}}