{"id":301,"date":"2020-07-08T12:43:17","date_gmt":"2020-07-08T10:43:17","guid":{"rendered":"https:\/\/hellonorvegia.devengo.hu\/?p=301"},"modified":"2020-09-22T18:13:08","modified_gmt":"2020-09-22T16:13:08","slug":"ujra-itthon","status":"publish","type":"post","link":"https:\/\/hellonorvegia.devengo.hu\/?p=301","title":{"rendered":"\u00dajra itthon"},"content":{"rendered":"\n<p>T\u00fal vagyunk egy t\u00f6bb h\u00f3napos, \u0151r\u00fclt tavaszon. Amikor eld\u00f6nt\u00f6tt\u00fck, hogy Jana elfogadja az aj\u00e1nlatot \u00e9s kik\u00f6lt\u00f6z\u00fcnk, v\u00e9gig vett\u00fcnk mindent, hogy mire sz\u00e1m\u00edthatunk, ha k\u00fclf\u00f6ld\u00f6n fogunk \u00e9lni. Persze a koronav\u00edrus nem volt k\u00f6zte. S\u0151t, ha akkor valaki megk\u00e9rdezte volna t\u0151lem, hogy mit csin\u00e1lok akkor, ha egy v\u00edrus miatt lez\u00e1rj\u00e1k a hat\u00e1rokat, tuti t\u00f6k h\u00fcly\u00e9nek n\u00e9ztem volna. Azt\u00e1n megt\u00f6rt\u00e9nt az, hogy tavasszal t\u00f6r\u00f6lt\u00e9k a j\u00e1ratunkat, bez\u00e1rkoztak az orsz\u00e1gok \u00e9s mi \u00fagy ragadtunk kint, hogy azt sem tudtuk mikor fogunk \u00fajb\u00f3l hazaj\u00f6nni.&nbsp;<\/p>\n\n\n\n<p>Mindek\u00f6zben pr\u00f3b\u00e1ltunk berendezkedni az \u00faj h\u00e9tk\u00f6znapokra. Otthoni munka, otthoni tanul\u00e1s. H\u00e9tv\u00e9genk\u00e9nt elj\u00e1rtunk kir\u00e1ndulni az erd\u0151be, vagy csak leugrottunk a tengerpartra. Szerencs\u00e9re a h\u0171v\u00f6sebb norv\u00e9g id\u0151j\u00e1r\u00e1s a szebb arc\u00e1t mutatta, \u00e9s t\u00f6bb volt a naps\u00fct\u00e9s, mint az es\u0151. Teltek a napok, a hetek, \u00e9s egyszer&nbsp; csak azon kaptam meg, hogy csekkolom a lehet\u0151s\u00e9geket, hogy mik\u00e9nt j\u00f6het\u00fcnk haza a ny\u00e1ron. M\u00e9g csak akkor kezdt\u00e9k meg lassan a laz\u00edt\u00e1sokat, de akkor m\u00e1r ott volt a rem\u00e9ny, hogy j\u00f6het\u00fcnk. Jan\u00e1val addigra el\u00e9g hamar eld\u00f6nt\u00f6tt\u00fck, hogy ha lehet j\u00f6v\u00fcnk. Nem csak az\u00e9rt, mert hi\u00e1nyoztak az itthoniak, de fel kell k\u00e9sz\u00fcln\u00fcnk arra a lehet\u0151s\u00e9gre, hogy ism\u00e9t hat\u00e1rokat fognak lez\u00e1rni, \u00e9s ki tudja mikor tudunk majd \u00fajb\u00f3l j\u00f6nni.&nbsp;<\/p>\n\n\n\n<p>Sz\u00f3val most itthon vagyunk m\u00e9g egy j\u00f3 p\u00e1r h\u00e9tig, azt\u00e1n ki tudja mit hoz a j\u00f6v\u0151. Hossz\u00fa t\u00e1vra m\u00e1r nem igaz\u00e1n tervezek, mert az ut\u00f3bbi id\u0151ben olyan dolgokkal szembes\u00fclt\u00fcnk, amik nem voltak benne a tervben.<\/p>\n\n\n\n<figure class=\"wp-block-gallery columns-1 is-cropped wp-block-gallery-1 is-layout-flex wp-block-gallery-is-layout-flex\"><ul class=\"blocks-gallery-grid\"><li class=\"blocks-gallery-item\"><figure><img loading=\"lazy\" decoding=\"async\" width=\"4032\" height=\"3024\" src=\"https:\/\/hellonorvegia.devengo.hu\/wp-content\/uploads\/2020\/09\/IMG_7764.jpg\" alt=\"\" data-id=\"324\" data-link=\"https:\/\/hellonorvegia.devengo.hu\/?attachment_id=324\" class=\"wp-image-324\"\/><\/figure><\/li><\/ul><\/figure>\n","protected":false},"excerpt":{"rendered":"<p>T\u00fal vagyunk egy t\u00f6bb h\u00f3napos, \u0151r\u00fclt tavaszon. Amikor eld\u00f6nt\u00f6tt\u00fck, hogy Jana elfogadja az aj\u00e1nlatot \u00e9s kik\u00f6lt\u00f6z\u00fcnk, v\u00e9gig vett\u00fcnk mindent, hogy mire sz\u00e1m\u00edthatunk, ha k\u00fclf\u00f6ld\u00f6n fogunk \u00e9lni. Persze a koronav\u00edrus nem volt k\u00f6zte. S\u0151t, ha akkor valaki megk\u00e9rdezte volna t\u0151lem, hogy mit csin\u00e1lok akkor, ha egy v\u00edrus miatt lez\u00e1rj\u00e1k a hat\u00e1rokat, tuti t\u00f6k h\u00fcly\u00e9nek n\u00e9ztem volna. [&hellip;]<\/p>\n","protected":false},"author":2,"featured_media":0,"comment_status":"open","ping_status":"open","sticky":false,"template":"","format":"standard","meta":{"footnotes":""},"categories":[1],"tags":[],"class_list":["post-301","post","type-post","status-publish","format-standard","hentry","category-uncategorized"],"_links":{"self":[{"href":"https:\/\/hellonorvegia.devengo.hu\/index.php?rest_route=\/wp\/v2\/posts\/301","targetHints":{"allow":["GET"]}}],"collection":[{"href":"https:\/\/hellonorvegia.devengo.hu\/index.php?rest_route=\/wp\/v2\/posts"}],"about":[{"href":"https:\/\/hellonorvegia.devengo.hu\/index.php?rest_route=\/wp\/v2\/types\/post"}],"author":[{"embeddable":true,"href":"https:\/\/hellonorvegia.devengo.hu\/index.php?rest_route=\/wp\/v2\/users\/2"}],"replies":[{"embeddable":true,"href":"https:\/\/hellonorvegia.devengo.hu\/index.php?rest_route=%2Fwp%2Fv2%2Fcomments&post=301"}],"version-history":[{"count":3,"href":"https:\/\/hellonorvegia.devengo.hu\/index.php?rest_route=\/wp\/v2\/posts\/301\/revisions"}],"predecessor-version":[{"id":325,"href":"https:\/\/hellonorvegia.devengo.hu\/index.php?rest_route=\/wp\/v2\/posts\/301\/revisions\/325"}],"wp:attachment":[{"href":"https:\/\/hellonorvegia.devengo.hu\/index.php?rest_route=%2Fwp%2Fv2%2Fmedia&parent=301"}],"wp:term":[{"taxonomy":"category","embeddable":true,"href":"https:\/\/hellonorvegia.devengo.hu\/index.php?rest_route=%2Fwp%2Fv2%2Fcategories&post=301"},{"taxonomy":"post_tag","embeddable":true,"href":"https:\/\/hellonorvegia.devengo.hu\/index.php?rest_route=%2Fwp%2Fv2%2Ftags&post=301"}],"curies":[{"name":"wp","href":"https:\/\/api.w.org\/{rel}","templated":true}]}}