{"id":306,"date":"2020-08-14T15:46:52","date_gmt":"2020-08-14T13:46:52","guid":{"rendered":"https:\/\/hellonorvegia.devengo.hu\/?p=306"},"modified":"2020-08-20T10:24:55","modified_gmt":"2020-08-20T08:24:55","slug":"mikor-megyunk-haza","status":"publish","type":"post","link":"https:\/\/hellonorvegia.devengo.hu\/?p=306","title":{"rendered":"Mikor megy\u00fcnk haza?"},"content":{"rendered":"\n<p>Nem olyan r\u00e9g m\u00e9g tavasszal ezen tanakodtunk, hogy mikor tudunk ism\u00e9t haza utazni, majd k\u00e9t h\u00e9ttel ezel\u0151tt \u00e1lltam otthon a konyh\u00e1mban, amikor a Norm\u00f3 odaj\u00f6tt hozz\u00e1m, \u00e9s ezt ugyanezt k\u00e9rdezte t\u0151lem. \u201cMikor megy\u00fcnk haza?\u201d. \u00c9rdekes egy szitu volt, hogy mik\u00f6zben otthon vagyunk a h\u00e1zunkban Norm\u00f3 lassan m\u00e1r menne haza, vissza Norv\u00e9gi\u00e1ba. Hi\u00e1nyoztak a bar\u00e1tai\u2026, \u00e9s nem \u00f6r\u00fclt neki, amikor p\u00e1r nappal el kellett halasztani az indul\u00e1st, mert a burkol\u00f3 nem v\u00e9gzett id\u0151ben a zuhanyz\u00f3 fel\u00faj\u00edt\u00e1s\u00e1val.\u00a0<\/p>\n\n\n\n<p>Id\u00e9n nem voltunk sehol nyaralni. A nyaral\u00e1s az volt, hogy szerencs\u00e9snek \u00e9rezt\u00fck magunkat, hogy koronav\u00edrus okozta felfordult vil\u00e1gban haza tudtunk utazni. Ism\u00e9t \u00f6sszej\u00f6tt a nagycsal\u00e1d, sz\u00fcl\u0151k, tesv\u00e9rek, unokatestv\u00e9rek&#8230; , \u00e9s persze a haverokkal, volt koll\u00e9g\u00e1kkal val\u00f3 tal\u00e1lkoz\u00e1s sem maradt el. Pr\u00f3b\u00e1ltunk ism\u00e9t bes\u0171r\u00edteni mindent 6 h\u00e9tbe, de m\u00e9g \u00edgy is el\u0151fordult, hogy nem mindenkivel j\u00f6tt \u00f6ssze tal\u00e1lka, hi\u00e1ba volt betervezve. Persze innen Norv\u00e9gi\u00e1b\u00f3l sokszor olyan egyszer\u0171nek t\u0171nik megszervezni mindent, meg majd \u201cpersze tal\u00e1lkozunk\u201d mondatok is olyan k\u00f6nnyen j\u00f6nnek, azt\u00e1n haza\u00e9r\u00fcnk, \u00e9s elkezd\u0151dik a p\u00f6rg\u00e9s, \u00fcgyint\u00e9z\u00e9s, \u00e9s a napok hirtelen elkezdenek gyorsan peregni, \u00e9s mire \u00e9szbe kapunk m\u00e1r azt tervezz\u00fck, hogy mikor pakolunk, \u00e9s j\u00f6v\u00fcnk ism\u00e9t vissza.&nbsp;<\/p>\n\n\n\n<p>Id\u00e9n az\u00e9rt a haza \u00fat el\u0151tti napok kicsit izgalmasra sikeredtek. 3 nappal indul\u00e1s el\u0151tt kider\u00fclt, hogy Norv\u00e9gia pirosba fogja rakni Sv\u00e1jcot \u00e9s miut\u00e1n Z\u00fcrichben kellett volna \u00e1tsz\u00e1llnunk ez nek\u00fcnk 10 nap karant\u00e9nt jelentett volna. Gyorsan kellett cselekedni, \u00e9s v\u00e9g\u00fcl egy kis r\u00e1fizet\u00e9ssel k\u00f6zvetlen j\u00e1rattal rep\u00fclt\u00fcnk haza.&nbsp;<\/p>\n\n\n\n<p>J\u00f3 volt otthon lenni 6 h\u00e9tig, \u00e9s ut\u00e1na ism\u00e9t j\u00f3 volt haza \u00e9rkezni. De valahogy az idei hazautaz\u00e1s m\u00e1s volt, mint szokott lenni. Mik\u00f6zben mindenkit\u0151l k\u00f6sz\u00f6nt\u00fcnk el folyamatosan az j\u00e1rt a fejemben, hogy vajon milyen lesz az idei kar\u00e1csony? Lesz-e lehet\u0151s\u00e9g\u00fcnk ism\u00e9t haza j\u00f6nni, vagy a v\u00edrushelyzet bor\u00edtani fog mindent?&nbsp;<\/p>\n\n\n\n<figure class=\"wp-block-gallery columns-1 is-cropped wp-block-gallery-1 is-layout-flex wp-block-gallery-is-layout-flex\"><ul class=\"blocks-gallery-grid\"><li class=\"blocks-gallery-item\"><figure><img loading=\"lazy\" decoding=\"async\" width=\"1892\" height=\"1524\" src=\"https:\/\/hellonorvegia.devengo.hu\/wp-content\/uploads\/2020\/08\/IMG_8793.jpg\" alt=\"\" data-id=\"307\" data-link=\"https:\/\/hellonorvegia.devengo.hu\/?attachment_id=307\" class=\"wp-image-307\"\/><\/figure><\/li><\/ul><\/figure>\n","protected":false},"excerpt":{"rendered":"<p>Nem olyan r\u00e9g m\u00e9g tavasszal ezen tanakodtunk, hogy mikor tudunk ism\u00e9t haza utazni, majd k\u00e9t h\u00e9ttel ezel\u0151tt \u00e1lltam otthon a konyh\u00e1mban, amikor a Norm\u00f3 odaj\u00f6tt hozz\u00e1m, \u00e9s ezt ugyanezt k\u00e9rdezte t\u0151lem. \u201cMikor megy\u00fcnk haza?\u201d. \u00c9rdekes egy szitu volt, hogy mik\u00f6zben otthon vagyunk a h\u00e1zunkban Norm\u00f3 lassan m\u00e1r menne haza, vissza Norv\u00e9gi\u00e1ba. Hi\u00e1nyoztak a bar\u00e1tai\u2026, \u00e9s [&hellip;]<\/p>\n","protected":false},"author":2,"featured_media":0,"comment_status":"open","ping_status":"open","sticky":false,"template":"","format":"standard","meta":{"footnotes":""},"categories":[1],"tags":[],"class_list":["post-306","post","type-post","status-publish","format-standard","hentry","category-uncategorized"],"_links":{"self":[{"href":"https:\/\/hellonorvegia.devengo.hu\/index.php?rest_route=\/wp\/v2\/posts\/306","targetHints":{"allow":["GET"]}}],"collection":[{"href":"https:\/\/hellonorvegia.devengo.hu\/index.php?rest_route=\/wp\/v2\/posts"}],"about":[{"href":"https:\/\/hellonorvegia.devengo.hu\/index.php?rest_route=\/wp\/v2\/types\/post"}],"author":[{"embeddable":true,"href":"https:\/\/hellonorvegia.devengo.hu\/index.php?rest_route=\/wp\/v2\/users\/2"}],"replies":[{"embeddable":true,"href":"https:\/\/hellonorvegia.devengo.hu\/index.php?rest_route=%2Fwp%2Fv2%2Fcomments&post=306"}],"version-history":[{"count":3,"href":"https:\/\/hellonorvegia.devengo.hu\/index.php?rest_route=\/wp\/v2\/posts\/306\/revisions"}],"predecessor-version":[{"id":310,"href":"https:\/\/hellonorvegia.devengo.hu\/index.php?rest_route=\/wp\/v2\/posts\/306\/revisions\/310"}],"wp:attachment":[{"href":"https:\/\/hellonorvegia.devengo.hu\/index.php?rest_route=%2Fwp%2Fv2%2Fmedia&parent=306"}],"wp:term":[{"taxonomy":"category","embeddable":true,"href":"https:\/\/hellonorvegia.devengo.hu\/index.php?rest_route=%2Fwp%2Fv2%2Fcategories&post=306"},{"taxonomy":"post_tag","embeddable":true,"href":"https:\/\/hellonorvegia.devengo.hu\/index.php?rest_route=%2Fwp%2Fv2%2Ftags&post=306"}],"curies":[{"name":"wp","href":"https:\/\/api.w.org\/{rel}","templated":true}]}}