{"id":312,"date":"2020-09-03T17:31:17","date_gmt":"2020-09-03T15:31:17","guid":{"rendered":"https:\/\/hellonorvegia.devengo.hu\/?p=312"},"modified":"2020-09-03T17:31:17","modified_gmt":"2020-09-03T15:31:17","slug":"vissza-a-regi-kerekvagasba","status":"publish","type":"post","link":"https:\/\/hellonorvegia.devengo.hu\/?p=312","title":{"rendered":"Vissza a \u201cr\u00e9gi\u201d ker\u00e9kv\u00e1g\u00e1sba"},"content":{"rendered":"\n<p>Lassan m\u00e1r 2 hete, hogy itt ism\u00e9t becsengettek, \u00e9s a gyerekeknek elkezd\u0151d\u00f6tt egy \u00fajabb tan\u00e9v. Norm\u00f3\u00e9kn\u00e1l a suliban maradtak a m\u00e1jusi szab\u00e1lyok, miszerint mindenki csak a saj\u00e1t oszt\u00e1lyt\u00e1rsaival lehet, \u00e9s az udvaron is az oszt\u00e1lyuknak kijel\u00f6lt helyen j\u00e1tszhatnak.<\/p>\n\n\n\n<p>K\u00e9t hete h\u00e9tv\u00e9g\u00e9n pedig ism\u00e9t elutazott az oszt\u00e1ly kenut\u00far\u00e1ra, amit az egyik apuka szervezett meg. Ez egy iskol\u00e1n k\u00edv\u00fcli tev\u00e9kenys\u00e9g,\u00a0 \u00e9s a tan\u00e1rok ezen nem vesznek r\u00e9szt. Ennek am\u00fagy itt m\u00e1r hagyom\u00e1nya van, hogy az oszt\u00e1ly, \u00e9s a gyerekek apuk\u00e1i egy\u00fctt elt\u00f6ltenek egy h\u00e9tv\u00e9g\u00e9t. Egy nagy tavon kenuznak, majd kik\u00f6tnek egy szigeten, ahol mindenki s\u00e1tra ver, egy\u00fctt grilleznek, a gyerekek meg kint vannak a term\u00e9szetben. Telefont a gyerekek nem vihetnek magukkal, \u00edgy t\u00e9nyleg\u00a0 egym\u00e1ssal j\u00e1tszanak. \ud83d\ude42\u00a0\u00a0<\/p>\n\n\n\n<p>Panka id\u00e9n iskolabusszal j\u00e1r suliba, t\u0151l\u00fcnk kb 6 km-re l\u00e9v\u0151 telep\u00fcl\u00e9sre, mivel az iskol\u00e1jukat \u00e1t\u00e9p\u00edtik, illetve kib\u0151v\u00edtik. Az a&nbsp; terv, hogy 2021-re m\u00e1r v\u00e9geznek az \u00e9p\u00edtkez\u00e9ssel. N\u00e1luk is elvileg az a szab\u00e1ly, hogy csak a saj\u00e1t oszt\u00e1lyukkal lehetnek egy\u00fctt, de Panka elmond\u00e1s\u00e1b\u00f3l nekem \u00fagy t\u0171nik, hogy a meg\u00e1ll\u00f3ban \u00e9s az iskolabuszon az\u00e9rt van egy kis kevered\u00e9s. \ud83d\ude42<\/p>\n\n\n\n<p>&nbsp;K\u00f6zben az edz\u00e9sek is beker\u00fcltek ism\u00e9t a h\u00e9tk\u00f6znapjainkban. Norm\u00f3 focira j\u00e1r, \u00e9s nemsok\u00e1ra parkour-ra, Pank\u00e1nak maradt a szinkron\u00fasz\u00e1s, Jana kicsbox-szol, \u00e9n torn\u00e1zok.<\/p>\n\n\n\n<p>Jan\u00e1val mi m\u00e9g nagyr\u00e9szt itthonr\u00f3l dolgozunk. Neki max hetente 1szer vagy 2szer kell bej\u00e1rnia. Nekem meg nem igaz\u00e1n kell, csak ha valami ment\u00e1lis bajom lenne abb\u00f3l, hogy itthon kell lennem. De egyel\u0151re m\u00e9g t\u00f6k norm\u00e1lisnak t\u0171n\u00f6k, mert itthon m\u00e9g senki nem akarta, hogy bemenjek dolgozni. \ud83d\ude42<\/p>\n\n\n\n<p>\u00dagy \u00e1ltal\u00e1noss\u00e1gban a k\u00e9zfert\u0151tlen\u00edt\u00e9s, t\u00e1vols\u00e1gtart\u00e1s persze m\u00e9g mindig megvan. Arcmaszk egyel\u0151re m\u00e9g mindig nem kell, b\u00e1r most m\u00e1r az osl\u00f3i buszokon ki van \u00edrva, hogy aj\u00e1nlott hordani, de nem igaz\u00e1n l\u00e1ttunk m\u00e9g senkin. Igaz a buszok sem voltak t\u00f6mve. Mindenesetre mi fel vagyunk k\u00e9sz\u00fclve, mert otthonr\u00f3l hoztunk magunkkal egy p\u00e1r maszkot.<\/p>\n\n\n\n<figure class=\"wp-block-image size-large\"><img loading=\"lazy\" decoding=\"async\" width=\"960\" height=\"720\" src=\"https:\/\/hellonorvegia.devengo.hu\/wp-content\/uploads\/2020\/09\/kenu2020-1.jpg\" alt=\"\" class=\"wp-image-313\"\/><\/figure>\n","protected":false},"excerpt":{"rendered":"<p>Lassan m\u00e1r 2 hete, hogy itt ism\u00e9t becsengettek, \u00e9s a gyerekeknek elkezd\u0151d\u00f6tt egy \u00fajabb tan\u00e9v. Norm\u00f3\u00e9kn\u00e1l a suliban maradtak a m\u00e1jusi szab\u00e1lyok, miszerint mindenki csak a saj\u00e1t oszt\u00e1lyt\u00e1rsaival lehet, \u00e9s az udvaron is az oszt\u00e1lyuknak kijel\u00f6lt helyen j\u00e1tszhatnak. K\u00e9t hete h\u00e9tv\u00e9g\u00e9n pedig ism\u00e9t elutazott az oszt\u00e1ly kenut\u00far\u00e1ra, amit az egyik apuka szervezett meg. Ez egy [&hellip;]<\/p>\n","protected":false},"author":2,"featured_media":0,"comment_status":"open","ping_status":"open","sticky":false,"template":"","format":"standard","meta":{"footnotes":""},"categories":[1],"tags":[],"class_list":["post-312","post","type-post","status-publish","format-standard","hentry","category-uncategorized"],"_links":{"self":[{"href":"https:\/\/hellonorvegia.devengo.hu\/index.php?rest_route=\/wp\/v2\/posts\/312","targetHints":{"allow":["GET"]}}],"collection":[{"href":"https:\/\/hellonorvegia.devengo.hu\/index.php?rest_route=\/wp\/v2\/posts"}],"about":[{"href":"https:\/\/hellonorvegia.devengo.hu\/index.php?rest_route=\/wp\/v2\/types\/post"}],"author":[{"embeddable":true,"href":"https:\/\/hellonorvegia.devengo.hu\/index.php?rest_route=\/wp\/v2\/users\/2"}],"replies":[{"embeddable":true,"href":"https:\/\/hellonorvegia.devengo.hu\/index.php?rest_route=%2Fwp%2Fv2%2Fcomments&post=312"}],"version-history":[{"count":1,"href":"https:\/\/hellonorvegia.devengo.hu\/index.php?rest_route=\/wp\/v2\/posts\/312\/revisions"}],"predecessor-version":[{"id":314,"href":"https:\/\/hellonorvegia.devengo.hu\/index.php?rest_route=\/wp\/v2\/posts\/312\/revisions\/314"}],"wp:attachment":[{"href":"https:\/\/hellonorvegia.devengo.hu\/index.php?rest_route=%2Fwp%2Fv2%2Fmedia&parent=312"}],"wp:term":[{"taxonomy":"category","embeddable":true,"href":"https:\/\/hellonorvegia.devengo.hu\/index.php?rest_route=%2Fwp%2Fv2%2Fcategories&post=312"},{"taxonomy":"post_tag","embeddable":true,"href":"https:\/\/hellonorvegia.devengo.hu\/index.php?rest_route=%2Fwp%2Fv2%2Ftags&post=312"}],"curies":[{"name":"wp","href":"https:\/\/api.w.org\/{rel}","templated":true}]}}