{"id":316,"date":"2020-09-13T20:16:43","date_gmt":"2020-09-13T18:16:43","guid":{"rendered":"https:\/\/hellonorvegia.devengo.hu\/?p=316"},"modified":"2020-09-13T20:16:43","modified_gmt":"2020-09-13T18:16:43","slug":"kozelit","status":"publish","type":"post","link":"https:\/\/hellonorvegia.devengo.hu\/?p=316","title":{"rendered":"K\u00f6zel\u00edt"},"content":{"rendered":"\n<p>A h\u00e9ten letesztelt\u00e9k Norm\u00f3t koronav\u00edrusra. Az eg\u00e9sz \u00fagy kezd\u0151d\u00f6tt, hogy szerd\u00e1n este sz\u00f3lt, hogy f\u00e1j a torka, \u00e9s h\u0151emelked\u00e9se is volt. M\u00e1snap reggel felh\u00edvtam a dokit, aki mondta, hogy h\u00edvjam a \u201ckorona-vonalat\u201d, mert le kell tesztelni, \u00e9s ha rosszabbul \u00e9rezn\u00e9 mag\u00e1t, akkor vigyem be a s\u00fcrg\u0151ss\u00e9gire. Sz\u00f3val felh\u00edvtam a k\u00f6zs\u00e9g\u00fcnkh\u00f6z tartoz\u00f3 k\u00f6zponti vonalat, ahol felvett\u00e9k az adatokat, megk\u00e9rdezt\u00e9k, hogy el tudom-e vinni a gyereket a tesztel\u0151 k\u00f6zponthoz kocsival, \u00e9s azt is meg kellett mondanom, hogy milyen t\u00edpus\u00fa, sz\u00edn\u0171 aut\u00f3val \u00e9rkez\u00fcnk. Reggel f\u00e9l 9-kor besz\u00e9ltem vel\u00fck, \u00e9s 10.30-ra kaptunk id\u0151pontot. T\u0151l\u00fcnk 15 percre van a mintav\u00e9teli hely, ahova kocsival odagurulsz, majd egy bod\u00e9ban leveszik a mint\u00e1t, mik\u00f6zben a kocsiban \u00fclsz, \u00e9s ut\u00e1na kigurulsz, \u00e9s mehetsz is haza. M\u00e1snap reggel m\u00e1r fent is volt az eredm\u00e9ny a neten, hogy nem koron\u00e1s. Az eg\u00e9sz proced\u00fara annyira k\u00f6nnyen \u00e9s gyorsan ment. A szkafanderben \u00f6lt\u00f6z\u00f6tt UF\u00d3 b\u00e1csi v\u00e9gig nagyon kedves, nyugodt \u00e9s mosolyg\u00f3s volt. (M\u00e9g maszkon kereszt\u00fcl is l\u00e1tszott, hogy mosolyog.)K\u00f6zben aznap este kider\u00fclt, hogy Panka \u00e9vfolyam\u00e1ban az egyik oszt\u00e1ly karant\u00e9nba ker\u00fclt, egy koron\u00e1s gyerek miatt, illetve Norm\u00f3 sulij\u00e1ban is karant\u00e9nban van egy hetedikes oszt\u00e1ly. Sz\u00f3val, lassan-lassan de a v\u00edrus k\u00f6zel\u00edt.\u00a0\u00a0<\/p>\n\n\n\n<p>Az az \u00e9rz\u00e9sem, hogy itt a j\u00e1rv\u00e1ny\u00fcgyi v\u00e9dekez\u00e9s a sv\u00e9d \u00e9s a magyar k\u00f6z\u00f6tt van valahol. Dolgozz otthonr\u00f3l, de ha szeretn\u00e9l bemehetsz a munkahelyedre. Iskol\u00e1k, \u00f3vod\u00e1k nyitva \u00e1prilis v\u00e9ge \u00f3ta. Tarts\u00e1l m\u00e1sf\u00e9l m\u00e9ter t\u00e1vols\u00e1got, \u00e9s ahol ez nem megy aj\u00e1nlott a sz\u00e1jmaszk.\u00a0Egyenl\u0151re aj\u00e1nlott \u00e9s nem k\u00f6telez\u0151. De abb\u00f3l kiindulva, amit m\u00e1s sz\u00fcl\u0151kt\u0151l, illetve Panka a gyerekekt\u0151l hallott, ha kell, akkor sz\u00f3 n\u00e9lk\u00fcl fogj\u00e1k hordani.\u00a0Nekem a norv\u00e9g modell j\u00f6tt be igaz\u00e1n. Vannak korl\u00e1tok, de m\u00e9gsem vagy m\u00e9g annyira bekorl\u00e1tozva. Ha karant\u00e9nban kell lenned, kimehetsz az utc\u00e1ra, de ker\u00fcln\u00f6d kell az embereket. Nem ragasztanak piros cetlit az ajt\u00f3dra, hogy karant\u00e9nban vagy. Valahogy jobban megb\u00edznak az emberekben, m\u00e9g ha kiv\u00e9telek itt is vannak, de \u00f6sszess\u00e9g\u00e9ben a t\u00f6bbs\u00e9g betartja a k\u00e9r\u00e9seket. Id\u00e1ig \u00f6sszesen 265 ember halt meg Norv\u00e9gi\u00e1ban a v\u00edrus miatt, m\u00edg a sv\u00e9dekn\u00e9l ez a sz\u00e1m 5800 ember. Ez az\u00e9rt el\u00e9g nagy k\u00fcl\u00f6nbs\u00e9g.\u00a0Majd megl\u00e1tjuk, mit hoz az \u0151sz, \u00e9s a t\u00e9l. Addig is mindenki vigy\u00e1zzon mag\u00e1ra!\u00a0<\/p>\n\n\n\n<p>A lenti k\u00e9p a mintav\u00e9teli helyn\u00e9l k\u00e9sz\u00fclt!<\/p>\n\n\n\n<figure class=\"wp-block-gallery columns-1 is-cropped wp-block-gallery-1 is-layout-flex wp-block-gallery-is-layout-flex\"><ul class=\"blocks-gallery-grid\"><li class=\"blocks-gallery-item\"><figure><img loading=\"lazy\" decoding=\"async\" width=\"1535\" height=\"2046\" src=\"https:\/\/hellonorvegia.devengo.hu\/wp-content\/uploads\/2020\/09\/IMG_9354-COLLAGE.jpg\" alt=\"\" data-id=\"317\" data-link=\"https:\/\/hellonorvegia.devengo.hu\/?attachment_id=317\" class=\"wp-image-317\"\/><\/figure><\/li><\/ul><\/figure>\n","protected":false},"excerpt":{"rendered":"<p>A h\u00e9ten letesztelt\u00e9k Norm\u00f3t koronav\u00edrusra. Az eg\u00e9sz \u00fagy kezd\u0151d\u00f6tt, hogy szerd\u00e1n este sz\u00f3lt, hogy f\u00e1j a torka, \u00e9s h\u0151emelked\u00e9se is volt. M\u00e1snap reggel felh\u00edvtam a dokit, aki mondta, hogy h\u00edvjam a \u201ckorona-vonalat\u201d, mert le kell tesztelni, \u00e9s ha rosszabbul \u00e9rezn\u00e9 mag\u00e1t, akkor vigyem be a s\u00fcrg\u0151ss\u00e9gire. Sz\u00f3val felh\u00edvtam a k\u00f6zs\u00e9g\u00fcnkh\u00f6z tartoz\u00f3 k\u00f6zponti vonalat, ahol felvett\u00e9k [&hellip;]<\/p>\n","protected":false},"author":2,"featured_media":0,"comment_status":"open","ping_status":"open","sticky":false,"template":"","format":"standard","meta":{"footnotes":""},"categories":[1],"tags":[],"class_list":["post-316","post","type-post","status-publish","format-standard","hentry","category-uncategorized"],"_links":{"self":[{"href":"https:\/\/hellonorvegia.devengo.hu\/index.php?rest_route=\/wp\/v2\/posts\/316","targetHints":{"allow":["GET"]}}],"collection":[{"href":"https:\/\/hellonorvegia.devengo.hu\/index.php?rest_route=\/wp\/v2\/posts"}],"about":[{"href":"https:\/\/hellonorvegia.devengo.hu\/index.php?rest_route=\/wp\/v2\/types\/post"}],"author":[{"embeddable":true,"href":"https:\/\/hellonorvegia.devengo.hu\/index.php?rest_route=\/wp\/v2\/users\/2"}],"replies":[{"embeddable":true,"href":"https:\/\/hellonorvegia.devengo.hu\/index.php?rest_route=%2Fwp%2Fv2%2Fcomments&post=316"}],"version-history":[{"count":1,"href":"https:\/\/hellonorvegia.devengo.hu\/index.php?rest_route=\/wp\/v2\/posts\/316\/revisions"}],"predecessor-version":[{"id":318,"href":"https:\/\/hellonorvegia.devengo.hu\/index.php?rest_route=\/wp\/v2\/posts\/316\/revisions\/318"}],"wp:attachment":[{"href":"https:\/\/hellonorvegia.devengo.hu\/index.php?rest_route=%2Fwp%2Fv2%2Fmedia&parent=316"}],"wp:term":[{"taxonomy":"category","embeddable":true,"href":"https:\/\/hellonorvegia.devengo.hu\/index.php?rest_route=%2Fwp%2Fv2%2Fcategories&post=316"},{"taxonomy":"post_tag","embeddable":true,"href":"https:\/\/hellonorvegia.devengo.hu\/index.php?rest_route=%2Fwp%2Fv2%2Ftags&post=316"}],"curies":[{"name":"wp","href":"https:\/\/api.w.org\/{rel}","templated":true}]}}