{"id":320,"date":"2020-09-22T18:08:55","date_gmt":"2020-09-22T16:08:55","guid":{"rendered":"https:\/\/hellonorvegia.devengo.hu\/?p=320"},"modified":"2020-09-22T18:08:55","modified_gmt":"2020-09-22T16:08:55","slug":"oktatas-koronavirus-idejen","status":"publish","type":"post","link":"https:\/\/hellonorvegia.devengo.hu\/?p=320","title":{"rendered":"Oktat\u00e1s koronav\u00edrus idej\u00e9n"},"content":{"rendered":"\n<p>T\u00f6bb mint egy h\u00f3napja, hogy becs\u00f6ngettek, \u00e9s ism\u00e9t elkezdt\u00fcnk egy \u00faj tan\u00e9vet. Persze tudjuk, hogy az idei egy kicsit m\u00e1s lesz, mint a megszokott. Kezdj\u00fck azzal, hogy, ha a gyerek egy kicsit n\u00e1th\u00e1s, vagy f\u00e1j a torka nem mehet suliba. Ez azt jelenti, hogy nagyj\u00e1b\u00f3l mindig lesz egy-k\u00e9t gyerek, aki hi\u00e1nyozni fog az oktat\u00e1sr\u00f3l. Emellett az is el\u0151fordulhat, hogy, ha az oszt\u00e1lyb\u00f3l az egyik di\u00e1k vagy valamelyik tan\u00e1r pozit\u00edv koronatesztet produk\u00e1l, akkor az eg\u00e9sz oszt\u00e1ly 10 napra karant\u00e9nba ker\u00fcl. Panka \u00e9s Norm\u00f3 iskol\u00e1j\u00e1ban is volt egy-egy oszt\u00e1ly, ahol tal\u00e1ltak egy koron\u00e1st, \u00e9s a karant\u00e9n mellett letesztelt\u00e9k az eg\u00e9sz oszt\u00e1lyt. Ennek megfelel\u0151en alak\u00edtott\u00e1k ki a tan\u00e1rok az idei tanrendet, hogy ha b\u00e1rmelyik di\u00e1knak vagy netal\u00e1n az eg\u00e9sz oszt\u00e1lynak otthon kell maradnia, akkor is tudj\u00e1k k\u00f6vetni a tananyagot. Persze itt a norv\u00e9gok k\u00f6nnyebb helyzetben vannak, mint otthon. Eleve az oktat\u00e1shoz m\u00e1r van egy j\u00f3l ki\u00e9p\u00edtett digit\u00e1lis rendszer, amit a gyerekek az iskol\u00e1t\u00f3l kapott iPad-del haszn\u00e1lnak. Emellett a tan\u00e1rok pl. Panka iskol\u00e1j\u00e1ban a honlapra is felteszik az eg\u00e9sz heti tananyagot napokra lebontva, h\u00e1zi feladattal egy\u00fctt. A Norm\u00f3\u00e9kn\u00e1l meg bek\u00fcldik az erre kialak\u00edtott alkalmaz\u00e1sba. Ez az\u00e9rt j\u00f3, mert \u00edgy nem jelentett semmilyen probl\u00e9m\u00e1t, amikor Norm\u00f3, meg azt\u00e1n Panka is p\u00e1r napot itthon volt betegen. Vagyis Panka m\u00e9g mindig itthon van, mert sztr\u00e1jkolnak a buszsof\u0151r\u00f6k, \u00e9s ez\u00e9rt az iskolabusz sem j\u00e1r. M\u00falt h\u00e9ten szerda d\u00e9lut\u00e1n tudt\u00e1k meg a tan\u00e1rok, hogy akkor addig is minden di\u00e1k otthonr\u00f3l tanul, \u00e9s minden probl\u00e9ma n\u00e9lk\u00fcl \u00e1t\u00e1lltak az itthoni oktat\u00e1sra (vagy ahogy \u0151k h\u00edvj\u00e1k hjemmeskole). J\u00f6v\u0151 h\u00e9ten meg m\u00e1r \u00fagyis \u0151szi sz\u00fcnet van egy h\u00e9tig. M\u00e1r alig v\u00e1rom, v\u00e9gre megint elutazunk \u00e9s felfedezz\u00fck Norv\u00e9gia nyugati partjait.\u00a0<\/p>\n\n\n\n<p>A k\u00e9p id\u00e9n, az els\u0151 iskolai napon k\u00e9sz\u00fclt:<\/p>\n\n\n\n<figure class=\"wp-block-image size-large\"><img loading=\"lazy\" decoding=\"async\" width=\"1800\" height=\"1800\" src=\"https:\/\/hellonorvegia.devengo.hu\/wp-content\/uploads\/2020\/09\/IMG-9251.jpg\" alt=\"\" class=\"wp-image-321\"\/><\/figure>\n","protected":false},"excerpt":{"rendered":"<p>T\u00f6bb mint egy h\u00f3napja, hogy becs\u00f6ngettek, \u00e9s ism\u00e9t elkezdt\u00fcnk egy \u00faj tan\u00e9vet. Persze tudjuk, hogy az idei egy kicsit m\u00e1s lesz, mint a megszokott. Kezdj\u00fck azzal, hogy, ha a gyerek egy kicsit n\u00e1th\u00e1s, vagy f\u00e1j a torka nem mehet suliba. Ez azt jelenti, hogy nagyj\u00e1b\u00f3l mindig lesz egy-k\u00e9t gyerek, aki hi\u00e1nyozni fog az oktat\u00e1sr\u00f3l. Emellett [&hellip;]<\/p>\n","protected":false},"author":2,"featured_media":0,"comment_status":"open","ping_status":"open","sticky":false,"template":"","format":"standard","meta":{"footnotes":""},"categories":[1],"tags":[],"class_list":["post-320","post","type-post","status-publish","format-standard","hentry","category-uncategorized"],"_links":{"self":[{"href":"https:\/\/hellonorvegia.devengo.hu\/index.php?rest_route=\/wp\/v2\/posts\/320","targetHints":{"allow":["GET"]}}],"collection":[{"href":"https:\/\/hellonorvegia.devengo.hu\/index.php?rest_route=\/wp\/v2\/posts"}],"about":[{"href":"https:\/\/hellonorvegia.devengo.hu\/index.php?rest_route=\/wp\/v2\/types\/post"}],"author":[{"embeddable":true,"href":"https:\/\/hellonorvegia.devengo.hu\/index.php?rest_route=\/wp\/v2\/users\/2"}],"replies":[{"embeddable":true,"href":"https:\/\/hellonorvegia.devengo.hu\/index.php?rest_route=%2Fwp%2Fv2%2Fcomments&post=320"}],"version-history":[{"count":1,"href":"https:\/\/hellonorvegia.devengo.hu\/index.php?rest_route=\/wp\/v2\/posts\/320\/revisions"}],"predecessor-version":[{"id":322,"href":"https:\/\/hellonorvegia.devengo.hu\/index.php?rest_route=\/wp\/v2\/posts\/320\/revisions\/322"}],"wp:attachment":[{"href":"https:\/\/hellonorvegia.devengo.hu\/index.php?rest_route=%2Fwp%2Fv2%2Fmedia&parent=320"}],"wp:term":[{"taxonomy":"category","embeddable":true,"href":"https:\/\/hellonorvegia.devengo.hu\/index.php?rest_route=%2Fwp%2Fv2%2Fcategories&post=320"},{"taxonomy":"post_tag","embeddable":true,"href":"https:\/\/hellonorvegia.devengo.hu\/index.php?rest_route=%2Fwp%2Fv2%2Ftags&post=320"}],"curies":[{"name":"wp","href":"https:\/\/api.w.org\/{rel}","templated":true}]}}