{"id":33,"date":"2018-10-07T15:41:41","date_gmt":"2018-10-07T13:41:41","guid":{"rendered":"https:\/\/hellonorvegia.devengo.hu\/?p=33"},"modified":"2018-10-07T16:20:09","modified_gmt":"2018-10-07T14:20:09","slug":"azt-hiszem-koltozunk","status":"publish","type":"post","link":"https:\/\/hellonorvegia.devengo.hu\/?p=33","title":{"rendered":"Azt hiszem k\u00f6lt\u00f6z\u00fcnk&#8230; 2018.szept. 26."},"content":{"rendered":"<p>Reggel van, lassan h\u00e9t \u00f3ra, de engem m\u00e1r 5 \u00f3ra el\u0151tt kidobott az \u00e1gy. Mit tudtam csin\u00e1lni. Be\u00fcltem a k\u00e1dba egy j\u00f3 meleg v\u00edzbe, \u00e9s k\u00f6zben pr\u00f3b\u00e1ltam \u00f6sszeszedni a gondolataimat, hogy m\u00e9g miket kell elint\u00e9zn\u00fcnk a mai indul\u00e1s el\u0151tt. A pakol\u00e1s mellett \u00e9n m\u00e9g beterveztem egy gyors kocsi pucol\u00e1st, illetve m\u00e9g Ilusk\u00e1t is vissza kell vinni az \u00e1llatorvoshoz. Annak ellen\u00e9re, hogy a h\u00e1ts\u00f3 r\u00e9sz\u00e9n elt\u00f6rt a gerince, tal\u00e1n megmarad. Ez most pont &#8220;j\u00f3l&#8221; j\u00f6tt az indul\u00e1s el\u0151tt.\u00a0 Szerencs\u00e9re a t\u00f6bbiek nem \u00e9bredtek fel arra, hogy \u00e9n m\u00e1r fent vagyok,\u00a0\u00edgy most nyugodtan \u00e1t tudok gondolni mindent.<\/p>\n<p>Neh\u00e9z volt a tegnapi nap, \u00e9s m\u00e1r a h\u00e9tv\u00e9ge is. Nem is a pakol\u00e1s r\u00e9sze, ink\u00e1bb a lelki r\u00e9sze. Azt hittem, hogy a pakol\u00e1s lesz a legnehezebb a k\u00f6lt\u00f6z\u00e9sben, de t\u00e9vedtem. Elk\u00f6sz\u00f6nni sokkal nehezebb. M\u00e9g \u00fagyis, hogy tudjuk 2.5 h\u00f3nap m\u00falva itthon lesz\u00fcnk kar\u00e1csonykor. Az itteni \u00e9let\u00fcnk sz\u00e9pen elb\u00facs\u00fazott t\u0151l\u00fcnk. A bar\u00e1taink a h\u00e9tv\u00e9g\u00e9n, a munkat\u00e1rsaim, a gyerekek iskol\u00e1ja, bar\u00e1tai. Vissz\u00fck magunkkal a sok sz\u00e9p aj\u00e1nd\u00e9kot, amit eml\u00e9kbe kaptunk. J\u00f3 \u00e9rz\u00e9s volt, hogy ennyien szeretnek itt minket&#8230;<\/p>\n<p>Tal\u00e1n a mai nap lesz a legnehezebb. El kell k\u00f6sz\u00f6nni a sz\u00fcleinkt\u0151l. Vajon Anyu\u00e9k ezt, hogy \u00e9lt\u00e9k meg majdnem 30 \u00e9vvel ezel\u0151tt, amikor mi k\u00f6lt\u00f6zt\u00fcnk N\u00e9metorsz\u00e1gba? Sose k\u00e9rdeztem \u0151ket&#8230;<\/p>\n","protected":false},"excerpt":{"rendered":"<p>Reggel van, lassan h\u00e9t \u00f3ra, de engem m\u00e1r 5 \u00f3ra el\u0151tt kidobott az \u00e1gy. Mit tudtam csin\u00e1lni. Be\u00fcltem a k\u00e1dba egy j\u00f3 meleg v\u00edzbe, \u00e9s k\u00f6zben pr\u00f3b\u00e1ltam \u00f6sszeszedni a gondolataimat, hogy m\u00e9g miket kell elint\u00e9zn\u00fcnk a mai indul\u00e1s el\u0151tt. A pakol\u00e1s mellett \u00e9n m\u00e9g beterveztem egy gyors kocsi pucol\u00e1st, illetve m\u00e9g Ilusk\u00e1t is vissza kell [&hellip;]<\/p>\n","protected":false},"author":2,"featured_media":0,"comment_status":"open","ping_status":"open","sticky":false,"template":"","format":"standard","meta":{"footnotes":""},"categories":[1],"tags":[],"class_list":["post-33","post","type-post","status-publish","format-standard","hentry","category-uncategorized"],"_links":{"self":[{"href":"https:\/\/hellonorvegia.devengo.hu\/index.php?rest_route=\/wp\/v2\/posts\/33","targetHints":{"allow":["GET"]}}],"collection":[{"href":"https:\/\/hellonorvegia.devengo.hu\/index.php?rest_route=\/wp\/v2\/posts"}],"about":[{"href":"https:\/\/hellonorvegia.devengo.hu\/index.php?rest_route=\/wp\/v2\/types\/post"}],"author":[{"embeddable":true,"href":"https:\/\/hellonorvegia.devengo.hu\/index.php?rest_route=\/wp\/v2\/users\/2"}],"replies":[{"embeddable":true,"href":"https:\/\/hellonorvegia.devengo.hu\/index.php?rest_route=%2Fwp%2Fv2%2Fcomments&post=33"}],"version-history":[{"count":4,"href":"https:\/\/hellonorvegia.devengo.hu\/index.php?rest_route=\/wp\/v2\/posts\/33\/revisions"}],"predecessor-version":[{"id":43,"href":"https:\/\/hellonorvegia.devengo.hu\/index.php?rest_route=\/wp\/v2\/posts\/33\/revisions\/43"}],"wp:attachment":[{"href":"https:\/\/hellonorvegia.devengo.hu\/index.php?rest_route=%2Fwp%2Fv2%2Fmedia&parent=33"}],"wp:term":[{"taxonomy":"category","embeddable":true,"href":"https:\/\/hellonorvegia.devengo.hu\/index.php?rest_route=%2Fwp%2Fv2%2Fcategories&post=33"},{"taxonomy":"post_tag","embeddable":true,"href":"https:\/\/hellonorvegia.devengo.hu\/index.php?rest_route=%2Fwp%2Fv2%2Ftags&post=33"}],"curies":[{"name":"wp","href":"https:\/\/api.w.org\/{rel}","templated":true}]}}