{"id":331,"date":"2020-11-01T14:07:29","date_gmt":"2020-11-01T13:07:29","guid":{"rendered":"https:\/\/hellonorvegia.devengo.hu\/?p=331"},"modified":"2020-11-01T14:07:29","modified_gmt":"2020-11-01T13:07:29","slug":"dilemma","status":"publish","type":"post","link":"https:\/\/hellonorvegia.devengo.hu\/?p=331","title":{"rendered":"Dilemma"},"content":{"rendered":"\n<p>Hetek \u00f3ta azon gondolkodom, hogy id\u00e9n kar\u00e1csonykor utazzunk-e haza, vagy maradjunk Norv\u00e9gi\u00e1ban. M\u00edg tavaly ez nem volt k\u00e9rd\u00e9s, \u00e9s automatikusan vettem a repjegyet haza, az idei \u00e9v j\u00f3l bekavart, \u00e9s nem igaz\u00e1n tudom, merem kimondani azt, hogy menj\u00fcnk vagy azt, hogy maradjunk. Itt persze nem csak arr\u00f3l van sz\u00f3, hogy mennyire f\u00e9lek vagy nem f\u00e9lek, hogy elkapom-e vagy net\u00e1n a szeretteimet megfert\u0151z\u00f6m-e a v\u00edrussal. Nek\u00fcnk azt is figyelembe kell venn\u00fcnk, hogy van k\u00e9t iskol\u00e1s gyerek\u00fcnk, akik a karant\u00e9n miatt hi\u00e1nyozn\u00e1nak az iskol\u00e1b\u00f3l. Legal\u00e1bb, ha csak az egyik orsz\u00e1gban kellene karant\u00e9nban lenni, azt m\u00e9g online oktat\u00e1ssal meg lehetne oldani valahogy, de azt m\u00e1r nem szeretn\u00e9nk, hogy 3 hetet ne j\u00e1rjanak iskol\u00e1ba. Illetve most sz\u00f3lt egy k\u00fclf\u00f6ldi koll\u00e9g\u00e1m, aki szint\u00e9n tervezte, hogy haza utazik, \u00e9s a HR sz\u00f3lt neki, hogyha elutazik olyan orsz\u00e1gba, amit a norv\u00e9gok pirosba tettek \u00e9s ut\u00e1na lebetegszik nem fognak fizetni betegszabit. \u00c9s m\u00e9gis ennek ellen\u00e9re, \u00e9s ezek tudat\u00e1ban, m\u00e9g mindig rem\u00e9nykedem valami csod\u00e1ban, hogy h\u00e1tha, tal\u00e1n \u00f6sszej\u00f6n\u2026 de valahol legbel\u00fcl \u00e9rzem, hogy az idei kar\u00e1csony m\u00e1s lesz.&nbsp;<\/p>\n\n\n\n<p>Persze, mint mindig most is van A \u00e9s B tervem. \u201cA\u201d terv, megy\u00fcnk, \u00e9s meg is vett\u00fck a kompra a jegyet, amit utaz\u00e1s el\u0151tt egy nappal is vissza lehet v\u00e1ltani, \u201cB\u201d terv, hogy maradunk, \u00e9s akkor 27-t\u0151l eg\u00e9szen 1-ig a hegyekben lesz\u00fcnk s\u00edelni. Sz\u00e1ll\u00e1s lefoglalva, \u00e9s persze ez is ingyenesen lemondhat\u00f3. V\u00e9g\u00fclis m\u00e9g van 5 het\u00fcnk eld\u00f6nteni.<\/p>\n\n\n\n<p>Sz\u00edv\u00e1s? Igen. Rossz, ha esetleg kar\u00e1csonykor nem fogunk tal\u00e1lkozni? Igen. De \u00f6sszeteszem a k\u00e9t kezem, ha ez lesz a legnagyobb gondunk, \u00e9s mindenki aki sz\u00e1m\u00edt \u00e9s szeret\u00fcnk \u00e1tv\u00e9szelik ezt\u00a0 az id\u0151szakot komolyabb betegs\u00e9g n\u00e9lk\u00fcl.\u00a0<\/p>\n\n\n\n<figure class=\"wp-block-image size-large\"><img loading=\"lazy\" decoding=\"async\" width=\"2976\" height=\"2976\" src=\"https:\/\/hellonorvegia.devengo.hu\/wp-content\/uploads\/2020\/11\/yoda.jpg\" alt=\"\" class=\"wp-image-332\"\/><\/figure>\n","protected":false},"excerpt":{"rendered":"<p>Hetek \u00f3ta azon gondolkodom, hogy id\u00e9n kar\u00e1csonykor utazzunk-e haza, vagy maradjunk Norv\u00e9gi\u00e1ban. M\u00edg tavaly ez nem volt k\u00e9rd\u00e9s, \u00e9s automatikusan vettem a repjegyet haza, az idei \u00e9v j\u00f3l bekavart, \u00e9s nem igaz\u00e1n tudom, merem kimondani azt, hogy menj\u00fcnk vagy azt, hogy maradjunk. Itt persze nem csak arr\u00f3l van sz\u00f3, hogy mennyire f\u00e9lek vagy nem f\u00e9lek, [&hellip;]<\/p>\n","protected":false},"author":2,"featured_media":0,"comment_status":"open","ping_status":"open","sticky":false,"template":"","format":"standard","meta":{"footnotes":""},"categories":[1],"tags":[],"class_list":["post-331","post","type-post","status-publish","format-standard","hentry","category-uncategorized"],"_links":{"self":[{"href":"https:\/\/hellonorvegia.devengo.hu\/index.php?rest_route=\/wp\/v2\/posts\/331","targetHints":{"allow":["GET"]}}],"collection":[{"href":"https:\/\/hellonorvegia.devengo.hu\/index.php?rest_route=\/wp\/v2\/posts"}],"about":[{"href":"https:\/\/hellonorvegia.devengo.hu\/index.php?rest_route=\/wp\/v2\/types\/post"}],"author":[{"embeddable":true,"href":"https:\/\/hellonorvegia.devengo.hu\/index.php?rest_route=\/wp\/v2\/users\/2"}],"replies":[{"embeddable":true,"href":"https:\/\/hellonorvegia.devengo.hu\/index.php?rest_route=%2Fwp%2Fv2%2Fcomments&post=331"}],"version-history":[{"count":1,"href":"https:\/\/hellonorvegia.devengo.hu\/index.php?rest_route=\/wp\/v2\/posts\/331\/revisions"}],"predecessor-version":[{"id":333,"href":"https:\/\/hellonorvegia.devengo.hu\/index.php?rest_route=\/wp\/v2\/posts\/331\/revisions\/333"}],"wp:attachment":[{"href":"https:\/\/hellonorvegia.devengo.hu\/index.php?rest_route=%2Fwp%2Fv2%2Fmedia&parent=331"}],"wp:term":[{"taxonomy":"category","embeddable":true,"href":"https:\/\/hellonorvegia.devengo.hu\/index.php?rest_route=%2Fwp%2Fv2%2Fcategories&post=331"},{"taxonomy":"post_tag","embeddable":true,"href":"https:\/\/hellonorvegia.devengo.hu\/index.php?rest_route=%2Fwp%2Fv2%2Ftags&post=331"}],"curies":[{"name":"wp","href":"https:\/\/api.w.org\/{rel}","templated":true}]}}