{"id":339,"date":"2020-12-11T16:48:41","date_gmt":"2020-12-11T15:48:41","guid":{"rendered":"https:\/\/hellonorvegia.devengo.hu\/?p=339"},"modified":"2020-12-11T16:48:41","modified_gmt":"2020-12-11T15:48:41","slug":"dontottunk","status":"publish","type":"post","link":"https:\/\/hellonorvegia.devengo.hu\/?p=339","title":{"rendered":"D\u00f6nt\u00f6tt\u00fcnk!"},"content":{"rendered":"\n<p>P\u00e1r napja v\u00e9gre megsz\u0171nt az a nyom\u00e1s, ami miatt nem tudtam igaz\u00e1n \u00f6nfeledten, \u00e9s nyugodtan k\u00e9sz\u00fclni az \u00fcnnepekre. Folyamatosan figyeltem a h\u00edreket, \u00e9s kattogott az agyam, hogy mi legyen? Menj\u00fcnk vagy maradjunk? K\u00f6zben persze minden jel arra mutatott, hogy maradni fogunk. Megvett\u00fck a d\u00edszeket a f\u00e1ra, k\u00fcldt\u00fcnk csomagot az otthoniaknak, \u00e9s persze mi is kaptunk. \ud83d\ude42 Jana elkezdte lecsekkolni, hogy mindenkinek megvan-e minden felszerel\u00e9se az \u00fcnnepek alatti s\u00edel\u00e9shez. K\u00f6zben persze kitartottunk az utols\u00f3 pillanatig, \u00e1tr\u00e1gtuk magunkat t\u00f6bbsz\u00f6r a menj\u00fcnk vagy maradjunk t\u00e9m\u00e1n. V\u00e9g\u00fcl p\u00e1r nappal az utaz\u00e1s el\u0151tt t\u00f6r\u00f6ltem a jegyet, aminek az \u00e1ra 2 nap m\u00falva a sz\u00e1ml\u00e1kon volt. Abban a pillanatban, amikor v\u00e9gleg letett\u00fck a voksunkat az egyik d\u00f6nt\u00e9s mell\u00e9, megnyugodtam. Megsz\u0171nt az a teher, a k\u00e9ts\u00e9gek, a dilemma. Azt hiszem addigra m\u00e1r sz\u00e9pen lassan elengedt\u00fck magunkban, hogy az idei kar\u00e1csonyt nem otthon fogjuk t\u00f6lteni. M\u00e9g nagyobb el\u00e1nnal k\u00e9sz\u00fcl\u00fcnk most m\u00e1r az itteni kar\u00e1csonyra, \u00e9s persze az utaz\u00e1sra a hegyekbe.&nbsp;<\/p>\n\n\n\n<p>Igen az idei kar\u00e1csony m\u00e1s lesz, \u00e9s hi\u00e1nyozni fognak az otthoniak, de ezen most \u00fagysem tudunk v\u00e1ltoztatni, \u00e9s k\u00e1r ezen most m\u00e1r sir\u00e1nkozni. De \u00edgy is sz\u00e9p lesz a kar\u00e1csonyunk, \u00e9s az otthoniak meg k\u00e9sz\u00fcljenek, mert \u00f6sszedobtam egy csal\u00e1di kv\u00edzt, amit majd az \u00fcnnepek alatt fogunk egy\u00fctt j\u00e1tszani.\u00a0<\/p>\n\n\n\n<p>Ha kar\u00e1csonyig nem \u00edrn\u00e9k tov\u00e1bbi bejegyz\u00e9st a blogomba, akkor mindenkinek egy nyugodt, b\u00e9k\u00e9s kar\u00e1csonyi k\u00e9sz\u00fcl\u0151d\u00e9st k\u00edv\u00e1nok!\u00a0<\/p>\n\n\n\n<figure class=\"wp-block-image size-large\"><img loading=\"lazy\" decoding=\"async\" width=\"4032\" height=\"3024\" src=\"https:\/\/hellonorvegia.devengo.hu\/wp-content\/uploads\/2020\/12\/IMG_0522-1.jpg\" alt=\"\" class=\"wp-image-341\"\/><\/figure>\n","protected":false},"excerpt":{"rendered":"<p>P\u00e1r napja v\u00e9gre megsz\u0171nt az a nyom\u00e1s, ami miatt nem tudtam igaz\u00e1n \u00f6nfeledten, \u00e9s nyugodtan k\u00e9sz\u00fclni az \u00fcnnepekre. Folyamatosan figyeltem a h\u00edreket, \u00e9s kattogott az agyam, hogy mi legyen? Menj\u00fcnk vagy maradjunk? K\u00f6zben persze minden jel arra mutatott, hogy maradni fogunk. Megvett\u00fck a d\u00edszeket a f\u00e1ra, k\u00fcldt\u00fcnk csomagot az otthoniaknak, \u00e9s persze mi is kaptunk. [&hellip;]<\/p>\n","protected":false},"author":2,"featured_media":0,"comment_status":"open","ping_status":"open","sticky":false,"template":"","format":"standard","meta":{"footnotes":""},"categories":[1],"tags":[],"class_list":["post-339","post","type-post","status-publish","format-standard","hentry","category-uncategorized"],"_links":{"self":[{"href":"https:\/\/hellonorvegia.devengo.hu\/index.php?rest_route=\/wp\/v2\/posts\/339","targetHints":{"allow":["GET"]}}],"collection":[{"href":"https:\/\/hellonorvegia.devengo.hu\/index.php?rest_route=\/wp\/v2\/posts"}],"about":[{"href":"https:\/\/hellonorvegia.devengo.hu\/index.php?rest_route=\/wp\/v2\/types\/post"}],"author":[{"embeddable":true,"href":"https:\/\/hellonorvegia.devengo.hu\/index.php?rest_route=\/wp\/v2\/users\/2"}],"replies":[{"embeddable":true,"href":"https:\/\/hellonorvegia.devengo.hu\/index.php?rest_route=%2Fwp%2Fv2%2Fcomments&post=339"}],"version-history":[{"count":1,"href":"https:\/\/hellonorvegia.devengo.hu\/index.php?rest_route=\/wp\/v2\/posts\/339\/revisions"}],"predecessor-version":[{"id":342,"href":"https:\/\/hellonorvegia.devengo.hu\/index.php?rest_route=\/wp\/v2\/posts\/339\/revisions\/342"}],"wp:attachment":[{"href":"https:\/\/hellonorvegia.devengo.hu\/index.php?rest_route=%2Fwp%2Fv2%2Fmedia&parent=339"}],"wp:term":[{"taxonomy":"category","embeddable":true,"href":"https:\/\/hellonorvegia.devengo.hu\/index.php?rest_route=%2Fwp%2Fv2%2Fcategories&post=339"},{"taxonomy":"post_tag","embeddable":true,"href":"https:\/\/hellonorvegia.devengo.hu\/index.php?rest_route=%2Fwp%2Fv2%2Ftags&post=339"}],"curies":[{"name":"wp","href":"https:\/\/api.w.org\/{rel}","templated":true}]}}