{"id":344,"date":"2021-01-13T18:28:45","date_gmt":"2021-01-13T17:28:45","guid":{"rendered":"https:\/\/hellonorvegia.devengo.hu\/?p=344"},"modified":"2021-01-13T18:28:45","modified_gmt":"2021-01-13T17:28:45","slug":"kulon-de-megis-egyutt","status":"publish","type":"post","link":"https:\/\/hellonorvegia.devengo.hu\/?p=344","title":{"rendered":"K\u00fcl\u00f6n, de m\u00e9gis egy\u00fctt&#8230;"},"content":{"rendered":"\n<p>\u00dagy \u00e9rzem valahogy \u00e1trohantunk a 2021-es \u00e9vbe. Amilyen elcseszett \u00e9v volt 2020, szilveszterkor most \u00fagy \u00e1lltam ott pezsg\u0151vel a kezemben, hogy az idei \u00e9vre m\u00e1r nincsenek k\u00fcl\u00f6n\u00f6sebb nagy terveim. Csak azt k\u00edv\u00e1ntam, hogy id\u00e9n ne legyen t\u00f6bb trag\u00e9dia, ne vesz\u00edts\u00fcnk el most m\u00e1r senkit. Maradjon meg minden ami most van, \u00e9s min\u00e9l hamarabb tudjunk tal\u00e1lkozni.\u00a0<\/p>\n\n\n\n<p>Azt hittem, hogy kar\u00e1csonykor majd r\u00e1m t\u00f6r valamilyen melank\u00f3likus hangulat, majd elkap az az \u00e9rz\u00e9s, hogy \u201cde j\u00f3 lenne most otthon lenni\u201d, de szerencs\u00e9re az \u00fcnnepek, meghitt \u00e9s nyugodt hangulatban teltek. Volt itt minden, hal\u00e1szl\u00e9 tengeri halb\u00f3l (el\u0151sz\u00f6r k\u00e9sz\u00edtettem, \u00e9s nem utolj\u00e1ra), t\u00f6lt\u00f6tt k\u00e1poszta, beigli, zserb\u00f3\u2026 stb. Na, j\u00f3 a s\u00fctiket nem \u00e9n dobtam \u00f6ssze. Azt egy itt \u00e9l\u0151 magyar csajszinak k\u00f6sz\u00f6nhetj\u00fck, aki meghirdette a norv\u00e9g-magyar csoportban, hogy lehet t\u0151le venni. Kider\u00fclt kocsival kb 5 percre laknak t\u0151l\u00fcnk. Azt hiszem a kar\u00e1csonyi hangulatot m\u00e1r eleve feldobta, hogy napokkal az \u00fcnnepek el\u0151tt \u00e9rkeztek a csomagok otthonr\u00f3l, sz\u00fcl\u0151kt\u0151l \u00e9s testv\u00e9rekt\u0151l. Kaptunk egy kis szelet Magyarorsz\u00e1got. Persze nem maradhatott el a csal\u00e1di vide\u00f3 h\u00edv\u00e1s, vagy a k\u00f6z\u00f6s csal\u00e1di kv\u00edz j\u00e1t\u00e9k sem.\u00a0<\/p>\n\n\n\n<p>K\u00e9t \u00fcnnep k\u00f6z\u00f6tt nem voltunk itthon.<\/p>\n\n\n\n<p>27-\u00e9n pedig felpakolva indultunk a hegyekbe, pontosan egy hegytet\u0151n l\u00e9v\u0151 apartmanba, k\u00f6zvetlen\u00fcl a s\u00edp\u00e1lya mellett. M\u00e9g most is, ha visszan\u00e9zem a k\u00e9peket menn\u00e9k oda vissza. Annyira j\u00f3 v\u00e1laszt\u00e1s volt, olyan gy\u00f6ny\u00f6r\u0171 helyen voltunk. Norm\u00f3 elkezdett snowboardozni, Panka meg v\u00e9gre \u00fajb\u00f3l kezdi megszeretni a s\u00edel\u00e9st. Kipr\u00f3b\u00e1ltuk a s\u00edfut\u00e1st is, amit m\u00e1r itt a k\u00f6zel\u00fcnkben l\u00e9v\u0151 s\u00edp\u00e1lyan is tov\u00e1bb gyakoroltunk.\u00a0Sz\u00f3val ott voltunk fent a hegyekben, amikor megsz\u00f3lalt a telefon 28-\u00e1n este 7 k\u00f6r\u00fcl. Aznap volt Anik\u00f3\u00e9kn\u00e1l a szok\u00e1sos haveri kar\u00e1csonyoz\u00e1s, ahol ilyenkor a feh\u00e9rv\u00e1ri haverokkal mindig \u00f6sszej\u00f6tt\u00fcnk, \u00e9s Lacka minden \u00e9vben l\u0151tt egy k\u00e9pet (vagy kett\u0151t vagy h\u00e1rmat) a csapatr\u00f3l. Azt hittem id\u00e9n err\u0151l lemaradunk, de \u0151k megoldott\u00e1k, hogy ez ne \u00edgy legyen. Annyira j\u00f3l esett nek\u00fcnk, hogy gondoltak r\u00e1nk.\u00a0Azt\u00e1n j\u00f6tt szilveszter est\u00e9je. Napk\u00f6zben s\u00edelt\u00fcnk, estefel\u00e9 sz\u00e1nk\u00f3parti volt a hegyen nyaral\u00f3knak. Bekapcsolt\u00e1k a fenti p\u00e1ly\u00e1n a felvon\u00f3t, azzal huzattuk fel magunkat a hegytet\u0151re. Ne k\u00e9rdezz\u00e9tek, hogy seggcs\u00faszk\u00e1val hogyan h\u00faztak fel minket, de potyogtak a k\u00f6nnyeim annyira nevettem.\u00a0Este pedig online\u00a0 jelentkezett be A CSAPAT. Az elm\u00falt 20 \u00e9vben vel\u00fck szilveszterezt\u00fcnk minden \u00e9vben. K\u00fcl\u00f6n voltunk, de m\u00e9gis egy\u00fctt.<\/p>\n\n\n\n<p>Ilyen volt az idei \u00fcnnep! Kihoztuk bel\u0151le a legt\u00f6bbet, a legjobbat, amit tudtunk! \u00dcnnepelt\u00fcnk, elutaztunk, online j\u00e1tszottunk, ett\u00fcnk, ittunk, nevett\u00fcnk. Id\u00e9nre j\u00f3 lenne ugyanez, csak m\u00e1r \u00e9l\u0151ben.\u00a0<\/p>\n\n\n\n<figure class=\"wp-block-gallery columns-1 is-cropped wp-block-gallery-1 is-layout-flex wp-block-gallery-is-layout-flex\"><ul class=\"blocks-gallery-grid\"><li class=\"blocks-gallery-item\"><figure><img loading=\"lazy\" decoding=\"async\" width=\"1800\" height=\"1198\" src=\"https:\/\/hellonorvegia.devengo.hu\/wp-content\/uploads\/2021\/01\/IMG_1107-1.jpg\" alt=\"\" data-id=\"345\" data-link=\"https:\/\/hellonorvegia.devengo.hu\/?attachment_id=345\" class=\"wp-image-345\"\/><\/figure><\/li><\/ul><\/figure>\n","protected":false},"excerpt":{"rendered":"<p>\u00dagy \u00e9rzem valahogy \u00e1trohantunk a 2021-es \u00e9vbe. Amilyen elcseszett \u00e9v volt 2020, szilveszterkor most \u00fagy \u00e1lltam ott pezsg\u0151vel a kezemben, hogy az idei \u00e9vre m\u00e1r nincsenek k\u00fcl\u00f6n\u00f6sebb nagy terveim. Csak azt k\u00edv\u00e1ntam, hogy id\u00e9n ne legyen t\u00f6bb trag\u00e9dia, ne vesz\u00edts\u00fcnk el most m\u00e1r senkit. Maradjon meg minden ami most van, \u00e9s min\u00e9l hamarabb tudjunk tal\u00e1lkozni.\u00a0 [&hellip;]<\/p>\n","protected":false},"author":2,"featured_media":0,"comment_status":"open","ping_status":"open","sticky":false,"template":"","format":"standard","meta":{"footnotes":""},"categories":[1],"tags":[],"class_list":["post-344","post","type-post","status-publish","format-standard","hentry","category-uncategorized"],"_links":{"self":[{"href":"https:\/\/hellonorvegia.devengo.hu\/index.php?rest_route=\/wp\/v2\/posts\/344","targetHints":{"allow":["GET"]}}],"collection":[{"href":"https:\/\/hellonorvegia.devengo.hu\/index.php?rest_route=\/wp\/v2\/posts"}],"about":[{"href":"https:\/\/hellonorvegia.devengo.hu\/index.php?rest_route=\/wp\/v2\/types\/post"}],"author":[{"embeddable":true,"href":"https:\/\/hellonorvegia.devengo.hu\/index.php?rest_route=\/wp\/v2\/users\/2"}],"replies":[{"embeddable":true,"href":"https:\/\/hellonorvegia.devengo.hu\/index.php?rest_route=%2Fwp%2Fv2%2Fcomments&post=344"}],"version-history":[{"count":1,"href":"https:\/\/hellonorvegia.devengo.hu\/index.php?rest_route=\/wp\/v2\/posts\/344\/revisions"}],"predecessor-version":[{"id":346,"href":"https:\/\/hellonorvegia.devengo.hu\/index.php?rest_route=\/wp\/v2\/posts\/344\/revisions\/346"}],"wp:attachment":[{"href":"https:\/\/hellonorvegia.devengo.hu\/index.php?rest_route=%2Fwp%2Fv2%2Fmedia&parent=344"}],"wp:term":[{"taxonomy":"category","embeddable":true,"href":"https:\/\/hellonorvegia.devengo.hu\/index.php?rest_route=%2Fwp%2Fv2%2Fcategories&post=344"},{"taxonomy":"post_tag","embeddable":true,"href":"https:\/\/hellonorvegia.devengo.hu\/index.php?rest_route=%2Fwp%2Fv2%2Ftags&post=344"}],"curies":[{"name":"wp","href":"https:\/\/api.w.org\/{rel}","templated":true}]}}