{"id":348,"date":"2021-03-07T19:52:50","date_gmt":"2021-03-07T18:52:50","guid":{"rendered":"https:\/\/hellonorvegia.devengo.hu\/?p=348"},"modified":"2021-03-07T19:52:50","modified_gmt":"2021-03-07T18:52:50","slug":"mas-vilag","status":"publish","type":"post","link":"https:\/\/hellonorvegia.devengo.hu\/?p=348","title":{"rendered":"M\u00e1s vil\u00e1g"},"content":{"rendered":"\n<p>H\u0171ha, j\u00f3 r\u00e9gen jelentkeztem, de igaz\u00e1b\u00f3l az elm\u00falt 2 h\u00f3nap \u00fagy elszaladt, \u00e9s mire \u00e9szbe kaptam m\u00e1r itt van \u00fajb\u00f3l m\u00e1rcius. Tavaly ilyenkor m\u00e9g nem gondoltam, hogy egy h\u00e9t m\u00falva egy teljesen \u00faj, felfordult \u00e9vet fogunk magunk m\u00f6g\u00f6tt tudni. Azt meg v\u00e9gk\u00e9pp nem gondoltam, hogy ez m\u00e9g mindig fog tartani. Igaz\u00e1b\u00f3l sokszor az az \u00e9rz\u00e9sem, mintha nem javulna semmi, csak rosszabbodik minden. V\u00e1rjuk, hogy majd egyszer beoltsanak minket, \u00e9s k\u00f6zben meg ism\u00e9t felp\u00f6rg\u00f6tt a virus. 2 hete t\u00f6rt\u00e9nt meg el\u0151sz\u00f6r, hogy a mi k\u00f6rny\u00e9k\u00fcnk\u00f6n is bez\u00e1rtak a boltok. Igaz\u00e1b\u00f3l mi sokszor Oslo miatt sz\u00edvunk, mert ha ott szigoritanak a korl\u00e1toz\u00e1sokon, akkor el\u0151bb vagy ut\u00f3bb itt is szoktak, mert Oslob\u00f3l megindul a n\u00e9p a mi t\u00e9rs\u00e9g\u00fcnkbe, \u00e9s j\u00f6nn\u00e9nek ide v\u00e1s\u00e1rolni \u00e9s edzeni. A gyerekek m\u00e9g j\u00e1rnak suliba, \u00e9s edz\u00e9seik is vannak. Mi m\u00e9g mindig otthonr\u00f3l dolgozunk, lassan most m\u00e1r egy \u00e9ve. Az egyik kollegan\u0151mmel majdnem egy \u00e9v ut\u00e1n tal\u00e1lkoztunk ism\u00e9t, miut\u00e1n elkezdt\u00fcnk s\u00edfut\u00f3 tanfolyamra j\u00e1rni, amit a c\u00e9g sportegyes\u00fclete szervezett. Legal\u00e1bb hetente egyszer, munka ut\u00e1n tal\u00e1lkozunk \u00e9s egy kicsit kikapcsol\u00f3dunk. Egy biztos, ny\u00e1ron j\u00f6v\u00fcnk haza. Elvileg Jan\u00e1nak addigra m\u00e1r meg kell kapnia az olt\u00e1st, \u00e9n r\u00e1m meg \u00fagyis valamikor augusztusban fog sor ker\u00fclni a legut\u00f3bbi olt\u00e1sterv szerint. De ha karant\u00e9nban is kell&nbsp; lenn\u00fcnk, a gyerekek iskolai sz\u00fcnete miatt most majd meg fogjuk tudni oldani.<\/p>\n\n\n\n<p>Na, \u00e9s most miut\u00e1n kinyavalyogtam magam, gondoltam az\u00e9rt besz\u00e1molok arr\u00f3l is, hogy mi, hogy vagyunk. T\u00f6bb, mint egy h\u00f3napig -5 \u00e9s -15 fokos sz\u00e1raz, napos id\u0151j\u00e1r\u00e1sban volt r\u00e9sz\u00fcnk. Ennek k\u00f6sz\u00f6nhet\u0151en azt is kipr\u00f3b\u00e1lhattuk, hogy milyen a tengeren korcsoly\u00e1zni.<\/p>\n\n\n\n<p>Panka hazahozott egy gy\u00f6ny\u00f6r\u0171, kit\u0171n\u0151 f\u00e9l\u00e9vi bizony\u00edtv\u00e1nyt. Nemcsak a re\u00e1l, hanem a hum\u00e1n tant\u00e1rgyakban is nagyon \u00fcgyes. Annyira b\u00fcszk\u00e9k vagyunk r\u00e1. Emellett most m\u00e1r teljesen egyed\u00fcl is neki \u00e1ll s\u00fctni a csal\u00e1dnak. Norm\u00f3 maxi king tort\u00e1j\u00e1t is 70%-ban \u0150 k\u00e9sz\u00edtette el.\u00a0\u00a0Norm\u00f3 m\u00e9g nem kap f\u00e9l\u00e9vi bizit, de annyit megtudtunk, hogy a f\u00e9l\u00e9vi matekdog\u00e1ja hib\u00e1tlan lett, \u00e9s sz\u00e9pen behozta a lemarad\u00e1s\u00e1t angolb\u00f3l. A focit abbahagyta \u00e9s elkezdett kos\u00e1rlabd\u00e1zni, meg persze hetente egyszer j\u00e1r parkour-re. Egy hete pedig megkapta a fogszab\u00e1lyz\u00f3j\u00e1t, amit a terv szerint kb 1,5-2 \u00e9vig kell hordania.\u00a0Mi Jan\u00e1val j\u00f3l vagyunk. Janu\u00e1rban \u00fcnnepelt\u00fck, hogy m\u00e1r 20 \u00e9ve egy\u00fctt vagyunk. Ennek alkalm\u00e1b\u00f3l a gyerekek elengedtek minket kettesben vacsor\u00e1zni. Olyan j\u00f3 volt egy kicsit kettesben kimozdulni, hogy szerintem ebb\u0151l rendszert fogunk csin\u00e1lni.\u00a0<\/p>\n\n\n\n<p>V\u00e1rjuk a tavaszt, b\u00e1r itt m\u00e9g egy darabig v\u00e1rhatunk r\u00e1. A j\u00f6v\u0151 h\u00e9tre ism\u00e9t mondott egy kis havaz\u00e1st. Akkor majd megy\u00fcnk ism\u00e9t az erd\u0151be s\u00edfutni. B\u00e1r szerintem rajtam k\u00edv\u00fcl m\u00e1r mindenki azt v\u00e1rja, hogy melegebb id\u0151 legyen. Majd egyszer ez is el fog j\u00f6nni, mint ahogyan az is, hogy ennek az \u0151r\u00fcletnek v\u00e9ge lesz.<\/p>\n\n\n\n<figure class=\"wp-block-image size-large\"><img loading=\"lazy\" decoding=\"async\" width=\"1350\" height=\"1800\" src=\"https:\/\/hellonorvegia.devengo.hu\/wp-content\/uploads\/2021\/03\/image_6483441.jpg\" alt=\"\" class=\"wp-image-349\"\/><\/figure>\n","protected":false},"excerpt":{"rendered":"<p>H\u0171ha, j\u00f3 r\u00e9gen jelentkeztem, de igaz\u00e1b\u00f3l az elm\u00falt 2 h\u00f3nap \u00fagy elszaladt, \u00e9s mire \u00e9szbe kaptam m\u00e1r itt van \u00fajb\u00f3l m\u00e1rcius. Tavaly ilyenkor m\u00e9g nem gondoltam, hogy egy h\u00e9t m\u00falva egy teljesen \u00faj, felfordult \u00e9vet fogunk magunk m\u00f6g\u00f6tt tudni. Azt meg v\u00e9gk\u00e9pp nem gondoltam, hogy ez m\u00e9g mindig fog tartani. Igaz\u00e1b\u00f3l sokszor az az \u00e9rz\u00e9sem, [&hellip;]<\/p>\n","protected":false},"author":2,"featured_media":0,"comment_status":"open","ping_status":"open","sticky":false,"template":"","format":"standard","meta":{"footnotes":""},"categories":[1],"tags":[],"class_list":["post-348","post","type-post","status-publish","format-standard","hentry","category-uncategorized"],"_links":{"self":[{"href":"https:\/\/hellonorvegia.devengo.hu\/index.php?rest_route=\/wp\/v2\/posts\/348","targetHints":{"allow":["GET"]}}],"collection":[{"href":"https:\/\/hellonorvegia.devengo.hu\/index.php?rest_route=\/wp\/v2\/posts"}],"about":[{"href":"https:\/\/hellonorvegia.devengo.hu\/index.php?rest_route=\/wp\/v2\/types\/post"}],"author":[{"embeddable":true,"href":"https:\/\/hellonorvegia.devengo.hu\/index.php?rest_route=\/wp\/v2\/users\/2"}],"replies":[{"embeddable":true,"href":"https:\/\/hellonorvegia.devengo.hu\/index.php?rest_route=%2Fwp%2Fv2%2Fcomments&post=348"}],"version-history":[{"count":1,"href":"https:\/\/hellonorvegia.devengo.hu\/index.php?rest_route=\/wp\/v2\/posts\/348\/revisions"}],"predecessor-version":[{"id":350,"href":"https:\/\/hellonorvegia.devengo.hu\/index.php?rest_route=\/wp\/v2\/posts\/348\/revisions\/350"}],"wp:attachment":[{"href":"https:\/\/hellonorvegia.devengo.hu\/index.php?rest_route=%2Fwp%2Fv2%2Fmedia&parent=348"}],"wp:term":[{"taxonomy":"category","embeddable":true,"href":"https:\/\/hellonorvegia.devengo.hu\/index.php?rest_route=%2Fwp%2Fv2%2Fcategories&post=348"},{"taxonomy":"post_tag","embeddable":true,"href":"https:\/\/hellonorvegia.devengo.hu\/index.php?rest_route=%2Fwp%2Fv2%2Ftags&post=348"}],"curies":[{"name":"wp","href":"https:\/\/api.w.org\/{rel}","templated":true}]}}