{"id":352,"date":"2021-03-16T21:24:50","date_gmt":"2021-03-16T20:24:50","guid":{"rendered":"https:\/\/hellonorvegia.devengo.hu\/?p=352"},"modified":"2021-03-16T21:24:50","modified_gmt":"2021-03-16T20:24:50","slug":"deja-vu","status":"publish","type":"post","link":"https:\/\/hellonorvegia.devengo.hu\/?p=352","title":{"rendered":"Deja vu"},"content":{"rendered":"\n<p>A mai nap elkapott egy olyan deja vu \u00e9rz\u00e9s. Itthon voltam, dolgoztam, azt\u00e1n egyszer csak j\u00f6tt a h\u00edr, hogy a gyerekeknek cs\u00fct\u00f6rt\u00f6kt\u0151l digit\u00e1lis oktat\u00e1suk lesz, az edz\u00e9sek is elmaradnak. Hmmm, mintha ilyet m\u00e1r \u00e1t\u00e9ltem volna egyszer&#8230;r\u00e1ad\u00e1sul ugyanekkor m\u00e1rciusban. Eml\u00e9kszem tavaly ilyenkor, amikor kider\u00fclt, hogy mindenki itthon lesz egy kicsit \u00f6r\u00fcltem is neki. A megszokott -munka, suli, ut\u00e1na rohan\u00e1sa a k\u00fcl\u00f6nb\u00f6z\u0151 edz\u00e9sekre-h\u00e9tk\u00f6znapokat felv\u00e1ltotta egy lelassult, egy\u00fctt vagyunk napok. De akkor ez m\u00e9g m\u00e1s volt. Akkor m\u00e9g nem gondoltam, hogy egy \u00e9v m\u00falva m\u00e9g mindig ebben a helyzetben lesz\u00fcnk. S\u0151t, hahahaha az\u00f3ta m\u00e9g rosszabbodott is. Tavaly ilyenkor az \u00fczletek m\u00e9g nyitva voltak, maszkot nem hordtunk, \u00e9s \u00e1tlagban a napi eset kb 250 fert\u0151z\u00f6tt volt. A legt\u00f6bb beteg 75 \u00e9v feletti koroszt\u00e1lyb\u00f3l ker\u00fclt ki. Ez most annyiban v\u00e1ltozott, hogy felp\u00f6rg\u00f6tt a brit vari\u00e1ns \u00e9s kb 850 a napi megbeteged\u00e9s. A legfert\u0151z\u00f6ttebb koroszt\u00e1ly pedig a 10-19 \u00e9vesek k\u00f6z\u00f6tt van. Sz\u00f3val itt \u00e1llunk. \u00c9rdekes volt l\u00e1tni a k\u00e9t gyerek reakci\u00f3j\u00e1t a digit\u00e1lis oktat\u00e1sra. Panka \u00e9s oszt\u00e1lyt\u00e1rsai ujjongtak, Norm\u00f3\u00e9k viszont szomor\u00faak voltak. Elvileg \u00e1prilis 11-ig fog tartani, \u00e9s k\u00f6zte lesz egy h\u00fasv\u00e9ti sz\u00fcnet is. B\u00e1rhogyan is, de a h\u00e9tk\u00f6znapokat \u00fajb\u00f3l kell tervezni, mert d\u00e9lut\u00e1n lecke ellen\u0151rz\u00e9s lesz \u00e9s ut\u00e1na a kiesett edz\u00e9seket is p\u00f3tolni kell. M\u00e9g szerencse, hogy v\u00e9gre hosszabbak a nappalok, \u00e9s a tavasz is m\u00e1r itt \u00e1ll az ajt\u00f3ban.\u00a0<\/p>\n\n\n\n<figure class=\"wp-block-gallery columns-1 is-cropped wp-block-gallery-1 is-layout-flex wp-block-gallery-is-layout-flex\"><ul class=\"blocks-gallery-grid\"><li class=\"blocks-gallery-item\"><figure><img loading=\"lazy\" decoding=\"async\" width=\"4032\" height=\"3024\" src=\"https:\/\/hellonorvegia.devengo.hu\/wp-content\/uploads\/2021\/03\/20201217_190938.jpg\" alt=\"\" data-id=\"354\" data-link=\"https:\/\/hellonorvegia.devengo.hu\/?attachment_id=354\" class=\"wp-image-354\"\/><\/figure><\/li><\/ul><\/figure>\n","protected":false},"excerpt":{"rendered":"<p>A mai nap elkapott egy olyan deja vu \u00e9rz\u00e9s. Itthon voltam, dolgoztam, azt\u00e1n egyszer csak j\u00f6tt a h\u00edr, hogy a gyerekeknek cs\u00fct\u00f6rt\u00f6kt\u0151l digit\u00e1lis oktat\u00e1suk lesz, az edz\u00e9sek is elmaradnak. Hmmm, mintha ilyet m\u00e1r \u00e1t\u00e9ltem volna egyszer&#8230;r\u00e1ad\u00e1sul ugyanekkor m\u00e1rciusban. Eml\u00e9kszem tavaly ilyenkor, amikor kider\u00fclt, hogy mindenki itthon lesz egy kicsit \u00f6r\u00fcltem is neki. A megszokott -munka, [&hellip;]<\/p>\n","protected":false},"author":2,"featured_media":0,"comment_status":"open","ping_status":"open","sticky":false,"template":"","format":"standard","meta":{"footnotes":""},"categories":[1],"tags":[],"class_list":["post-352","post","type-post","status-publish","format-standard","hentry","category-uncategorized"],"_links":{"self":[{"href":"https:\/\/hellonorvegia.devengo.hu\/index.php?rest_route=\/wp\/v2\/posts\/352","targetHints":{"allow":["GET"]}}],"collection":[{"href":"https:\/\/hellonorvegia.devengo.hu\/index.php?rest_route=\/wp\/v2\/posts"}],"about":[{"href":"https:\/\/hellonorvegia.devengo.hu\/index.php?rest_route=\/wp\/v2\/types\/post"}],"author":[{"embeddable":true,"href":"https:\/\/hellonorvegia.devengo.hu\/index.php?rest_route=\/wp\/v2\/users\/2"}],"replies":[{"embeddable":true,"href":"https:\/\/hellonorvegia.devengo.hu\/index.php?rest_route=%2Fwp%2Fv2%2Fcomments&post=352"}],"version-history":[{"count":1,"href":"https:\/\/hellonorvegia.devengo.hu\/index.php?rest_route=\/wp\/v2\/posts\/352\/revisions"}],"predecessor-version":[{"id":355,"href":"https:\/\/hellonorvegia.devengo.hu\/index.php?rest_route=\/wp\/v2\/posts\/352\/revisions\/355"}],"wp:attachment":[{"href":"https:\/\/hellonorvegia.devengo.hu\/index.php?rest_route=%2Fwp%2Fv2%2Fmedia&parent=352"}],"wp:term":[{"taxonomy":"category","embeddable":true,"href":"https:\/\/hellonorvegia.devengo.hu\/index.php?rest_route=%2Fwp%2Fv2%2Fcategories&post=352"},{"taxonomy":"post_tag","embeddable":true,"href":"https:\/\/hellonorvegia.devengo.hu\/index.php?rest_route=%2Fwp%2Fv2%2Ftags&post=352"}],"curies":[{"name":"wp","href":"https:\/\/api.w.org\/{rel}","templated":true}]}}