{"id":357,"date":"2021-04-29T18:13:28","date_gmt":"2021-04-29T16:13:28","guid":{"rendered":"https:\/\/hellonorvegia.devengo.hu\/?p=357"},"modified":"2021-04-29T18:13:28","modified_gmt":"2021-04-29T16:13:28","slug":"lazuljunk","status":"publish","type":"post","link":"https:\/\/hellonorvegia.devengo.hu\/?p=357","title":{"rendered":"Lazuljunk"},"content":{"rendered":"\n<p>T\u00f6bb, mint egy h\u00f3nap szigor\u00fa lez\u00e1r\u00e1s ut\u00e1n lassan elkezdenek laz\u00edtani a norv\u00e9gok az int\u00e9zked\u00e9seken. Kezd\u0151d\u00f6tt azzal, hogy a gyerekek ism\u00e9t j\u00e1rnak suliba. Igaz m\u00e9g nem 100%-osan, mert csak kisebb csoportokban lehetnek az iskol\u00e1ban, ez\u00e9rt van olyan napjuk, amikor itthonr\u00f3l tanulnak. Megmondt\u00e1k, hogy itt a nyit\u00e1st, \u00e9s a szab\u00e1lyok enyh\u00edt\u00e9s\u00e9t kiz\u00e1r\u00f3lag az esetsz\u00e1mokt\u00f3l teszik f\u00fcgg\u0151v\u00e9. Ennek k\u00f6sz\u00f6nhet\u0151en a napi betegek sz\u00e1ma lecs\u00f6kkent \u00e1tlagban napi 350-re, \u00e9s folyamatosan cs\u00f6kken\u0151 tendenci\u00e1t mutat. J\u00f3 lenne, ha \u00edgy is maradna, \u00e9s most m\u00e1r semmilyen mut\u00e1ns nem kavarna be. A h\u00e9ten v\u00e9gre ism\u00e9t elkezd\u0151d\u00f6tt a gyerekeknek az edz\u00e9s, \u00e9s j\u00f6v\u0151 h\u00e9tt\u0151l m\u00e1r teljesen norm\u00e1lis iskolai het\u00fck lesz. K\u00f6zben csekkolom, hogy kb mikor oltanak be minket. Jan\u00e1ra elvileg 1-2 h\u00e9ten bel\u00fcl m\u00e1r sor ker\u00fclhet, mert van egy kis alapbetegs\u00e9ge. \u00c9n r\u00e1m pedig&#8230;hahahahaha&#8230;\u00fagy \u00e9rzem egyenl\u0151re, hogy soha, vagy majd valamikor ny\u00e1r v\u00e9g\u00e9n. Itt\u00a0 a Norv\u00e9gokn\u00e1l most m\u00e1r csak Pfizerrel \u00e9s Modern\u00e1val oltanak, emiatt sokkal lassabban haladnak, de nagyon odafigyelnek minden mell\u00e9khat\u00e1sra. Am\u00fagy szerintem itt el\u00e9g k\u00f6vetkezetesen kezelik a j\u00e1rv\u00e1nyt, ami egyenl\u0151re a sz\u00e1mokon meg is l\u00e1tszik. Ny\u00e1ron majd valamikor j\u00f6nn\u00e9nk, de azt m\u00e9g nem tudjuk, hogy mikor. Addig is majd itt Norv\u00e9gi\u00e1n bel\u00fcl utazgatunk egy kicsit. A k\u00f6vetkez\u0151 nagyobb utaz\u00e1s majd P\u00fcnk\u00f6sdkor lesz, Stavanger \u00e9s k\u00f6rny\u00e9ke. M\u00e1r v\u00e1rjuk nagyon.<\/p>\n\n\n\n<figure class=\"wp-block-gallery columns-1 is-cropped wp-block-gallery-1 is-layout-flex wp-block-gallery-is-layout-flex\"><ul class=\"blocks-gallery-grid\"><li class=\"blocks-gallery-item\"><figure><img loading=\"lazy\" decoding=\"async\" width=\"4032\" height=\"3024\" src=\"https:\/\/hellonorvegia.devengo.hu\/wp-content\/uploads\/2021\/04\/IMG_2207.jpg\" alt=\"\" data-id=\"358\" data-link=\"https:\/\/hellonorvegia.devengo.hu\/?attachment_id=358\" class=\"wp-image-358\"\/><\/figure><\/li><\/ul><\/figure>\n","protected":false},"excerpt":{"rendered":"<p>T\u00f6bb, mint egy h\u00f3nap szigor\u00fa lez\u00e1r\u00e1s ut\u00e1n lassan elkezdenek laz\u00edtani a norv\u00e9gok az int\u00e9zked\u00e9seken. Kezd\u0151d\u00f6tt azzal, hogy a gyerekek ism\u00e9t j\u00e1rnak suliba. Igaz m\u00e9g nem 100%-osan, mert csak kisebb csoportokban lehetnek az iskol\u00e1ban, ez\u00e9rt van olyan napjuk, amikor itthonr\u00f3l tanulnak. Megmondt\u00e1k, hogy itt a nyit\u00e1st, \u00e9s a szab\u00e1lyok enyh\u00edt\u00e9s\u00e9t kiz\u00e1r\u00f3lag az esetsz\u00e1mokt\u00f3l teszik f\u00fcgg\u0151v\u00e9. Ennek [&hellip;]<\/p>\n","protected":false},"author":2,"featured_media":0,"comment_status":"open","ping_status":"open","sticky":false,"template":"","format":"standard","meta":{"footnotes":""},"categories":[1],"tags":[],"class_list":["post-357","post","type-post","status-publish","format-standard","hentry","category-uncategorized"],"_links":{"self":[{"href":"https:\/\/hellonorvegia.devengo.hu\/index.php?rest_route=\/wp\/v2\/posts\/357","targetHints":{"allow":["GET"]}}],"collection":[{"href":"https:\/\/hellonorvegia.devengo.hu\/index.php?rest_route=\/wp\/v2\/posts"}],"about":[{"href":"https:\/\/hellonorvegia.devengo.hu\/index.php?rest_route=\/wp\/v2\/types\/post"}],"author":[{"embeddable":true,"href":"https:\/\/hellonorvegia.devengo.hu\/index.php?rest_route=\/wp\/v2\/users\/2"}],"replies":[{"embeddable":true,"href":"https:\/\/hellonorvegia.devengo.hu\/index.php?rest_route=%2Fwp%2Fv2%2Fcomments&post=357"}],"version-history":[{"count":1,"href":"https:\/\/hellonorvegia.devengo.hu\/index.php?rest_route=\/wp\/v2\/posts\/357\/revisions"}],"predecessor-version":[{"id":359,"href":"https:\/\/hellonorvegia.devengo.hu\/index.php?rest_route=\/wp\/v2\/posts\/357\/revisions\/359"}],"wp:attachment":[{"href":"https:\/\/hellonorvegia.devengo.hu\/index.php?rest_route=%2Fwp%2Fv2%2Fmedia&parent=357"}],"wp:term":[{"taxonomy":"category","embeddable":true,"href":"https:\/\/hellonorvegia.devengo.hu\/index.php?rest_route=%2Fwp%2Fv2%2Fcategories&post=357"},{"taxonomy":"post_tag","embeddable":true,"href":"https:\/\/hellonorvegia.devengo.hu\/index.php?rest_route=%2Fwp%2Fv2%2Ftags&post=357"}],"curies":[{"name":"wp","href":"https:\/\/api.w.org\/{rel}","templated":true}]}}