{"id":361,"date":"2021-06-10T21:51:11","date_gmt":"2021-06-10T19:51:11","guid":{"rendered":"https:\/\/hellonorvegia.devengo.hu\/?p=361"},"modified":"2021-06-10T22:15:13","modified_gmt":"2021-06-10T20:15:13","slug":"el-sem-hiszem","status":"publish","type":"post","link":"https:\/\/hellonorvegia.devengo.hu\/?p=361","title":{"rendered":"El sem hiszem\u2026"},"content":{"rendered":"\n<p>El sem hiszem, hogy j\u00f6v\u00fcnk haza. Ma van pontosan 10 h\u00f3napja, hogy visszarep\u00fclt\u00fcnk Norv\u00e9gi\u00e1ba. Jesszusom, de r\u00e9gen voltunk otthon. M\u00e9g ha a napok rep\u00fcltek is, de be kell valljam ez a 10 h\u00f3nap az\u00e9rt nagyon hossz\u00fa volt, \u00e9s ezzel senki nem sz\u00e1molt, hogy ilyen sok\u00e1ig nem j\u00f6het\u00fcnk haza. Hihetetlen \u00e9rz\u00e9s volt lefoglalni a kompra a jegyet. Ma meg pedig megrendeltem a tescob\u00f3l a cuccokat, hogy aznap amikor \u00e9rkez\u00fcnk fel legyen t\u00f6ltve a h\u0171t\u0151nk.&nbsp; H\u00e9tf\u0151h\u00f6z egy h\u00e9tre indulunk d\u00e9lut\u00e1n 1-kor, \u00e9s m\u00e1sf\u00e9l napig fog tartani az \u00fat&nbsp; kocsival. \u00c9jszaka a kompon alszunk, azt\u00e1n ut\u00e1na m\u00e9g kb 11 \u00f3r\u00e1t aut\u00f3zunk. De m\u00e1r nagyon v\u00e1rjuk. Hamarabb nem tudunk indulni, mert a gyerekeknek 18-ig iskola van, \u00e9s Jana is aznap kapja meg a 2. olt\u00e1st. \u00c9n meg nagyon rem\u00e9lem, hogy otthon megkapom, mert itt csak valamikor j\u00falius k\u00f6zep\u00e9n ker\u00fclne r\u00e1m a sor. Legal\u00e1bb 6 h\u00e9tig otthon lesz\u00fcnk. Szerencs\u00e9re sim\u00e1n dolgozhatunk Magyarorsz\u00e1gr\u00f3l is. Ez kor\u00e1bban sem volt gond.&nbsp;<\/p>\n\n\n\n<p>Sz\u00f3val akkor megindult a visszasz\u00e1ml\u00e1l\u00e1s. Addig is \u00e9lvezz\u00fck a norv\u00e9g nyarat. Szerencs\u00e9nkre m\u00e1r k\u00e9t hete gy\u00f6ny\u00f6r\u0171, napos id\u0151nk van. Mehet\u00fcnk a tengerparta, vagy egy a k\u00f6zel\u00fcnkben l\u00e9v\u0151 t\u00f3hoz. Azt\u00e1n k\u00e9sz\u00fcljetek, mert j\u00f6v\u00fcnk!\u00a0<\/p>\n\n\n\n<figure class=\"wp-block-image size-large is-style-default\"><img loading=\"lazy\" decoding=\"async\" width=\"4032\" height=\"3024\" src=\"https:\/\/hellonorvegia.devengo.hu\/wp-content\/uploads\/2021\/06\/IMG_3231.jpg\" alt=\"\" class=\"wp-image-362\"\/><\/figure>\n","protected":false},"excerpt":{"rendered":"<p>El sem hiszem, hogy j\u00f6v\u00fcnk haza. Ma van pontosan 10 h\u00f3napja, hogy visszarep\u00fclt\u00fcnk Norv\u00e9gi\u00e1ba. Jesszusom, de r\u00e9gen voltunk otthon. M\u00e9g ha a napok rep\u00fcltek is, de be kell valljam ez a 10 h\u00f3nap az\u00e9rt nagyon hossz\u00fa volt, \u00e9s ezzel senki nem sz\u00e1molt, hogy ilyen sok\u00e1ig nem j\u00f6het\u00fcnk haza. Hihetetlen \u00e9rz\u00e9s volt lefoglalni a kompra a [&hellip;]<\/p>\n","protected":false},"author":2,"featured_media":0,"comment_status":"open","ping_status":"open","sticky":false,"template":"","format":"standard","meta":{"footnotes":""},"categories":[1],"tags":[],"class_list":["post-361","post","type-post","status-publish","format-standard","hentry","category-uncategorized"],"_links":{"self":[{"href":"https:\/\/hellonorvegia.devengo.hu\/index.php?rest_route=\/wp\/v2\/posts\/361","targetHints":{"allow":["GET"]}}],"collection":[{"href":"https:\/\/hellonorvegia.devengo.hu\/index.php?rest_route=\/wp\/v2\/posts"}],"about":[{"href":"https:\/\/hellonorvegia.devengo.hu\/index.php?rest_route=\/wp\/v2\/types\/post"}],"author":[{"embeddable":true,"href":"https:\/\/hellonorvegia.devengo.hu\/index.php?rest_route=\/wp\/v2\/users\/2"}],"replies":[{"embeddable":true,"href":"https:\/\/hellonorvegia.devengo.hu\/index.php?rest_route=%2Fwp%2Fv2%2Fcomments&post=361"}],"version-history":[{"count":2,"href":"https:\/\/hellonorvegia.devengo.hu\/index.php?rest_route=\/wp\/v2\/posts\/361\/revisions"}],"predecessor-version":[{"id":364,"href":"https:\/\/hellonorvegia.devengo.hu\/index.php?rest_route=\/wp\/v2\/posts\/361\/revisions\/364"}],"wp:attachment":[{"href":"https:\/\/hellonorvegia.devengo.hu\/index.php?rest_route=%2Fwp%2Fv2%2Fmedia&parent=361"}],"wp:term":[{"taxonomy":"category","embeddable":true,"href":"https:\/\/hellonorvegia.devengo.hu\/index.php?rest_route=%2Fwp%2Fv2%2Fcategories&post=361"},{"taxonomy":"post_tag","embeddable":true,"href":"https:\/\/hellonorvegia.devengo.hu\/index.php?rest_route=%2Fwp%2Fv2%2Ftags&post=361"}],"curies":[{"name":"wp","href":"https:\/\/api.w.org\/{rel}","templated":true}]}}