{"id":366,"date":"2021-08-08T21:20:03","date_gmt":"2021-08-08T19:20:03","guid":{"rendered":"https:\/\/hellonorvegia.devengo.hu\/?p=366"},"modified":"2021-08-08T21:20:03","modified_gmt":"2021-08-08T19:20:03","slug":"idei-nyarunk","status":"publish","type":"post","link":"https:\/\/hellonorvegia.devengo.hu\/?p=366","title":{"rendered":"Idei nyarunk&#8230;"},"content":{"rendered":"\n<p>\u00dagy t\u0171nik, mintha csak most \u00edrtam volna a legutols\u00f3 bejegyz\u00e9sem arr\u00f3l, hogy j\u00f6v\u00fcnk haza, mert az elm\u00falt 6 \u00e9s f\u00e9l h\u00e9t csak \u00fagy elszaladt. Az idei ny\u00e1r sokkal esem\u00e9nyd\u00fasabb volt, mint tavaly. Voltunk Ausztri\u00e1ban, leugrottunk p\u00e1r napra Horv\u00e1torsz\u00e1gba, egy\u00fctt lehett\u00fcnk a csal\u00e1ddal, \u00e9s tal\u00e1lkoztunk a haverokkal is. Persze enn\u00e9l sokkal t\u00f6bbet tervezt\u00fcnk be id\u00e9n is, de ahogy minden \u00e9vben ez lenni szokott most is volt, amit id\u00e9n ki kellett hagynunk, mert m\u00e1r nem tudtuk bepr\u00e9selni a napt\u00e1runkba. Majd j\u00f6v\u0151re :-).&nbsp;<\/p>\n\n\n\n<p>Egy kicsit \u00fagy \u00e9rzem, hogy az elm\u00falt t\u00f6bb mint 10 h\u00f3nap az\u00e9rt r\u00e1nyomta a b\u00e9lyeg\u00e9t mindenre. M\u00e9g ha \u00e9v k\u00f6zben \u00fagy is t\u0171nt, hogy p\u00f6r\u00f6gnek a napok, de amikor \u00fajb\u00f3l tal\u00e1lkoztunk mindenkivel, azt \u00e9reztem, hogy m\u00e9g egy egyszer ezt nem szeretn\u00e9m \u00edgy v\u00e9gig csin\u00e1lni. Ennyi id\u0151 nem telhet el \u00fajb\u00f3l mire tal\u00e1lkozunk.Ugyanezt \u00e9reztem a sz\u00fcl\u0151k\u00f6n is, amikor a h\u00e9ten b\u00facs\u00faztunk t\u0151l\u00fck. Er\u0151sebbek voltak az \u00f6lel\u00e9sek, t\u00f6bbek voltak a k\u00f6nnyek. Mindenesetre m\u00e9g a haza\u00fat el\u0151tt megvett\u00fck kar\u00e1csonyra a repjegyet. Baromi optimist\u00e1k vagyunk vagy elsz\u00e1ntak. Rem\u00e9lj\u00fck t\u00e9nyleg haza tudunk j\u00f6nni.&nbsp;<\/p>\n\n\n\n<p>H\u00e9tf\u0151t\u0151l pedig kezd\u0151dnek nek\u00fcnk Jan\u00e1val a dolgos h\u00e9tk\u00f6znapok. A gyerekeknek m\u00e9g van h\u00e1tra egy h\u00e9t sz\u00fcnet, azt\u00e1n 16-\u00e1n nekik is kezd\u0151dik a suli. Panka utols\u00f3 \u00e9ves lesz az als\u00f3 k\u00f6z\u00e9piskol\u00e1ban, amit tavasszal majd egy kis\u00e9retts\u00e9givel z\u00e1rnak. Norm\u00f3k\u00e1nk pedig az \u00e1ltal\u00e1nos iskol\u00e1ban lesz utols\u00f3 \u00e9ves, \u00e9s j\u00f6v\u0151re kezdi a k\u00f6z\u00e9piskol\u00e1t. Az biztos, hogy izgalmas lesz az idei tan\u00e9v mindenkinek.<\/p>\n\n\n\n<figure class=\"wp-block-gallery columns-1 is-cropped wp-block-gallery-1 is-layout-flex wp-block-gallery-is-layout-flex\"><ul class=\"blocks-gallery-grid\"><li class=\"blocks-gallery-item\"><figure><img loading=\"lazy\" decoding=\"async\" width=\"4032\" height=\"3024\" src=\"https:\/\/hellonorvegia.devengo.hu\/wp-content\/uploads\/2021\/08\/IMG_4226.jpg\" alt=\"\" data-id=\"367\" data-link=\"https:\/\/hellonorvegia.devengo.hu\/?attachment_id=367\" class=\"wp-image-367\"\/><\/figure><\/li><\/ul><\/figure>\n","protected":false},"excerpt":{"rendered":"<p>\u00dagy t\u0171nik, mintha csak most \u00edrtam volna a legutols\u00f3 bejegyz\u00e9sem arr\u00f3l, hogy j\u00f6v\u00fcnk haza, mert az elm\u00falt 6 \u00e9s f\u00e9l h\u00e9t csak \u00fagy elszaladt. Az idei ny\u00e1r sokkal esem\u00e9nyd\u00fasabb volt, mint tavaly. Voltunk Ausztri\u00e1ban, leugrottunk p\u00e1r napra Horv\u00e1torsz\u00e1gba, egy\u00fctt lehett\u00fcnk a csal\u00e1ddal, \u00e9s tal\u00e1lkoztunk a haverokkal is. Persze enn\u00e9l sokkal t\u00f6bbet tervezt\u00fcnk be id\u00e9n is, [&hellip;]<\/p>\n","protected":false},"author":2,"featured_media":0,"comment_status":"open","ping_status":"open","sticky":false,"template":"","format":"standard","meta":{"footnotes":""},"categories":[1],"tags":[],"class_list":["post-366","post","type-post","status-publish","format-standard","hentry","category-uncategorized"],"_links":{"self":[{"href":"https:\/\/hellonorvegia.devengo.hu\/index.php?rest_route=\/wp\/v2\/posts\/366","targetHints":{"allow":["GET"]}}],"collection":[{"href":"https:\/\/hellonorvegia.devengo.hu\/index.php?rest_route=\/wp\/v2\/posts"}],"about":[{"href":"https:\/\/hellonorvegia.devengo.hu\/index.php?rest_route=\/wp\/v2\/types\/post"}],"author":[{"embeddable":true,"href":"https:\/\/hellonorvegia.devengo.hu\/index.php?rest_route=\/wp\/v2\/users\/2"}],"replies":[{"embeddable":true,"href":"https:\/\/hellonorvegia.devengo.hu\/index.php?rest_route=%2Fwp%2Fv2%2Fcomments&post=366"}],"version-history":[{"count":1,"href":"https:\/\/hellonorvegia.devengo.hu\/index.php?rest_route=\/wp\/v2\/posts\/366\/revisions"}],"predecessor-version":[{"id":368,"href":"https:\/\/hellonorvegia.devengo.hu\/index.php?rest_route=\/wp\/v2\/posts\/366\/revisions\/368"}],"wp:attachment":[{"href":"https:\/\/hellonorvegia.devengo.hu\/index.php?rest_route=%2Fwp%2Fv2%2Fmedia&parent=366"}],"wp:term":[{"taxonomy":"category","embeddable":true,"href":"https:\/\/hellonorvegia.devengo.hu\/index.php?rest_route=%2Fwp%2Fv2%2Fcategories&post=366"},{"taxonomy":"post_tag","embeddable":true,"href":"https:\/\/hellonorvegia.devengo.hu\/index.php?rest_route=%2Fwp%2Fv2%2Ftags&post=366"}],"curies":[{"name":"wp","href":"https:\/\/api.w.org\/{rel}","templated":true}]}}