{"id":377,"date":"2021-09-24T15:29:40","date_gmt":"2021-09-24T13:29:40","guid":{"rendered":"https:\/\/hellonorvegia.devengo.hu\/?p=377"},"modified":"2021-09-26T16:00:08","modified_gmt":"2021-09-26T14:00:08","slug":"legyunk-normalisak","status":"publish","type":"post","link":"https:\/\/hellonorvegia.devengo.hu\/?p=377","title":{"rendered":"Legy\u00fcnk norm\u00e1lisak"},"content":{"rendered":"\n<p>Hihetetlen de eljutottunk oda, hogy a norv\u00e9g eg\u00e9szs\u00e9g\u00fcgyi miniszter arra k\u00e9rte a megy\u00e9ket, hogy kezdj\u00e9k meg a felk\u00e9sz\u00fcl\u00e9st az \u00fajra nyit\u00e1sra. Amilyen meredeken emelkedett a megbeteged\u00e9sek sz\u00e1ma augusztusban (f\u0151leg a 10-19 \u00e9ves koroszt\u00e1lyban), olyan sz\u00e9pen kezdett el cs\u00f6kkeni 1-2 hete. Orsz\u00e1gos szint\u0171 int\u00e9zked\u00e9seket nem hoztak. Lok\u00e1lisan voltak szigor\u00edt\u00e1sok. A 18 \u00e9v felettiek\u00a0 90%-a be van oltva, \u00e9s az elm\u00falt k\u00e9t h\u00e9tben oltott\u00e1k a 12-15 \u00e9ves koroszt\u00e1ly is. Igaz \u0151k csak egy olt\u00e1st fognak kapnak. Val\u00f3sz\u00edn\u00fcleg ennek a nagy \u00e1toltotts\u00e1gnak k\u00f6sz\u00f6nhetj\u00fck, hogy a sz\u00e1mok elkezdtek cs\u00f6kkeni. Tov\u00e1bb\u00e1 most m\u00e1r els\u0151sorban az lesz a m\u00e9rvad\u00f3, hogy mennyien ker\u00fclnek k\u00f3rh\u00e1zba, \u00e9s vannak-e k\u00f6zt\u00fck oltottak.<\/p>\n\n\n\n<p>\u00cdgy \u00e1llunk most. Egy kicsit kezd\u00fcnk visszat\u00e9rni a kor\u00e1bbi norm\u00e1lis \u00e9letbe. M\u00e1sf\u00e9l ut\u00e1n volt rendes sz\u00fcl\u0151i \u00e9rtekezlet, r\u00e9szt vett\u00fcnk Norm\u00f3 kos\u00e1rlabda meccs\u00e9n, voltunk az itteni Vid\u00e1m Parkban Telenor csal\u00e1di napon, koll\u00e9g\u00e1kkal elment\u00fcnk \u00e9tterembe, elkezdt\u00fcnk bej\u00e1rni a munkahely\u00fcnkre. Az els\u0151 h\u00e9ten bent a c\u00e9gn\u00e9l vir\u00e1got, meg smoothie-t osztogattak, illetve \u00e9l\u0151 jazz zene sz\u00f3lt eb\u00e9d k\u00f6zben. Egyenl\u0151re hetente egyszer-k\u00e9tszer j\u00e1rok be, de nem minden h\u00e9ten. J\u00f3 ez a hibrid megold\u00e1s. Szeretek itthon lenni, de az\u00e9rt j\u00f3 a koll\u00e9g\u00e1kkal is tal\u00e1lkozni, \u00e9s egy\u00fctt eb\u00e9delni.<\/p>\n\n\n\n<p>Ha minden j\u00f3l megy, akkor pedig 2 h\u00e9t m\u00falva az \u0151szi sz\u00fcnetben rep\u00fcl\u00fcnk fel \u00e9szakra, \u00e9s megn\u00e9zz\u00fck Lofotent. M\u00e1r nagyon v\u00e1rjuk!<\/p>\n\n\n\n<figure class=\"wp-block-gallery columns-1 is-cropped wp-block-gallery-1 is-layout-flex wp-block-gallery-is-layout-flex\"><ul class=\"blocks-gallery-grid\"><li class=\"blocks-gallery-item\"><figure><img loading=\"lazy\" decoding=\"async\" width=\"3337\" height=\"3023\" src=\"https:\/\/hellonorvegia.devengo.hu\/wp-content\/uploads\/2021\/09\/IMG_5324.jpg\" alt=\"\" data-id=\"378\" data-link=\"https:\/\/hellonorvegia.devengo.hu\/?attachment_id=378\" class=\"wp-image-378\"\/><\/figure><\/li><\/ul><\/figure>\n","protected":false},"excerpt":{"rendered":"<p>Hihetetlen de eljutottunk oda, hogy a norv\u00e9g eg\u00e9szs\u00e9g\u00fcgyi miniszter arra k\u00e9rte a megy\u00e9ket, hogy kezdj\u00e9k meg a felk\u00e9sz\u00fcl\u00e9st az \u00fajra nyit\u00e1sra. Amilyen meredeken emelkedett a megbeteged\u00e9sek sz\u00e1ma augusztusban (f\u0151leg a 10-19 \u00e9ves koroszt\u00e1lyban), olyan sz\u00e9pen kezdett el cs\u00f6kkeni 1-2 hete. Orsz\u00e1gos szint\u0171 int\u00e9zked\u00e9seket nem hoztak. Lok\u00e1lisan voltak szigor\u00edt\u00e1sok. A 18 \u00e9v felettiek\u00a0 90%-a be van [&hellip;]<\/p>\n","protected":false},"author":2,"featured_media":0,"comment_status":"open","ping_status":"open","sticky":false,"template":"","format":"standard","meta":{"footnotes":""},"categories":[1],"tags":[],"class_list":["post-377","post","type-post","status-publish","format-standard","hentry","category-uncategorized"],"_links":{"self":[{"href":"https:\/\/hellonorvegia.devengo.hu\/index.php?rest_route=\/wp\/v2\/posts\/377","targetHints":{"allow":["GET"]}}],"collection":[{"href":"https:\/\/hellonorvegia.devengo.hu\/index.php?rest_route=\/wp\/v2\/posts"}],"about":[{"href":"https:\/\/hellonorvegia.devengo.hu\/index.php?rest_route=\/wp\/v2\/types\/post"}],"author":[{"embeddable":true,"href":"https:\/\/hellonorvegia.devengo.hu\/index.php?rest_route=\/wp\/v2\/users\/2"}],"replies":[{"embeddable":true,"href":"https:\/\/hellonorvegia.devengo.hu\/index.php?rest_route=%2Fwp%2Fv2%2Fcomments&post=377"}],"version-history":[{"count":2,"href":"https:\/\/hellonorvegia.devengo.hu\/index.php?rest_route=\/wp\/v2\/posts\/377\/revisions"}],"predecessor-version":[{"id":380,"href":"https:\/\/hellonorvegia.devengo.hu\/index.php?rest_route=\/wp\/v2\/posts\/377\/revisions\/380"}],"wp:attachment":[{"href":"https:\/\/hellonorvegia.devengo.hu\/index.php?rest_route=%2Fwp%2Fv2%2Fmedia&parent=377"}],"wp:term":[{"taxonomy":"category","embeddable":true,"href":"https:\/\/hellonorvegia.devengo.hu\/index.php?rest_route=%2Fwp%2Fv2%2Fcategories&post=377"},{"taxonomy":"post_tag","embeddable":true,"href":"https:\/\/hellonorvegia.devengo.hu\/index.php?rest_route=%2Fwp%2Fv2%2Ftags&post=377"}],"curies":[{"name":"wp","href":"https:\/\/api.w.org\/{rel}","templated":true}]}}