{"id":384,"date":"2021-10-05T20:59:02","date_gmt":"2021-10-05T18:59:02","guid":{"rendered":"https:\/\/hellonorvegia.devengo.hu\/?p=384"},"modified":"2021-10-06T13:36:03","modified_gmt":"2021-10-06T11:36:03","slug":"egy-nem-mindennapi-osztalykirandulas","status":"publish","type":"post","link":"https:\/\/hellonorvegia.devengo.hu\/?p=384","title":{"rendered":"Egy nem mindennapi oszt\u00e1lykir\u00e1ndul\u00e1s"},"content":{"rendered":"\n<p>Norv\u00e9gi\u00e1ban az iskola nem szervez t\u00f6bb napos oszt\u00e1lykir\u00e1ndul\u00e1st, mint otthon Magyarorsz\u00e1gon. Legal\u00e1bbis az \u00e1ltal\u00e1nos \u00e9s az als\u00f3 k\u00f6z\u00e9piskol\u00e1ban csak egy napos kir\u00e1ndul\u00e1sokra mennek. Norm\u00f3\u00e9kn\u00e1l, a szok\u00e1sos \u00e9vi kenut\u00far\u00e1t is a sz\u00fcl\u0151k szokt\u00e1k szervezni a gyerekeknek. Id\u00e9n Panka \u00e9s Norm\u00f3 is utols\u00f3 \u00e9ves a sulij\u00e1ban. Ilyenkor az a szok\u00e1s, hogy a gyerekek t\u00f6bb napos kir\u00e1ndul\u00e1sra mennek. Az iskola semmit nem szervez, \u00e9s nem is seg\u00edt be a szervez\u00e9sbe. Pank\u00e1\u00e9k eredetileg Berlinbe mentek volna, de a Covid miatt v\u00e1ltozott a terv, \u00e9s v\u00e9g\u00fcl egy 3 napos haj\u00f3 t\u00far\u00e1n vettek r\u00e9szt, egy 1937-ben \u00e9p\u00edtett vitorl\u00e1s haj\u00f3val.<\/p>\n\n\n\n<p>Abban 3 napban a gyerekek csoportokra lettek osztva, \u00e9s minden csoport k\u00fcl\u00f6n m\u0171szakban dolgozott a haj\u00f3n. Pank\u00e1\u00e9k este 8-t\u00f3l \u00e9jf\u00e9lig \u201cdolgoztak\u201d, de volt aki \u00e9jszak\u00e1ra volt beosztva. A kisebb feladatok mellett,  3 f\u0151 feladatot kellett ell\u00e1tniuk:<\/p>\n\n\n\n<ul class=\"wp-block-list\"><li>biztons\u00e1gi ellen\u0151rz\u0151 k\u00f6r\u00fat a haj\u00f3ban<\/li><li>korm\u00e1nyozni \u00e9s ir\u00e1nyban tartani a haj\u00f3t<\/li><li>a haj\u00f3 orr\u00e1ban \u0151rt kellett \u00e1llni \u00e9s figyelni kellett a vizet, hogy nincs-e el\u0151tt\u00fck kisebb haj\u00f3 vagy cs\u00f3nak, amit a radar nem l\u00e1that<\/li><\/ul>\n\n\n\n<p>Emellett seg\u00edteni kellett felh\u00fazni a vitorl\u00e1t, \u00e9s felm\u00e1szhattak az als\u00f3 \u00e1rbochoz a k\u00f6teleken.<\/p>\n\n\n\n<p>Els\u0151 nap a haj\u00f3 lehorgonyzott a tengeren, \u00e9s cs\u00f3nakkal mentek ki egy k\u00f6zeli szigetre. Aludni k\u00e9t nagy k\u00f6z\u00f6s helyis\u00e9gben aludtak, a t\u00f6bbs\u00e9g\u00fck f\u00fcgg\u0151\u00e1gyakban. Panka is abban aludt \u00e9s azt mondta, hogy nagyon izgi volt. Napk\u00f6zben am\u00fagy ebben a k\u00e9t&nbsp; helyis\u00e9gben voltak, itt is ettek, \u00e9s ilyenkor a f\u00fcgg\u0151\u00e1gyakat levett\u00e9k.<\/p>\n\n\n\n<p>Panka tele \u00e9lm\u00e9nnyel j\u00f6tt haza, mi meg \u00f6r\u00fclt\u00fcnk neki, hogy ilyen k\u00fcl\u00f6nleges kir\u00e1ndul\u00e1sban volt r\u00e9sze. Im\u00e1dta, amikor a haj\u00f3r\u00f3l l\u00e1tt\u00e1k a naplement\u00e9t, n\u00e9zt\u00e9k a csillagokat, meg amikor a k\u00f6teleken m\u00e1sztak fel az \u00e1rbochoz.<\/p>\n\n\n\n<figure class=\"wp-block-image size-full\"><img loading=\"lazy\" decoding=\"async\" width=\"720\" height=\"960\" src=\"https:\/\/hellonorvegia.devengo.hu\/wp-content\/uploads\/2021\/10\/Panka-klassentur5.jpg\" alt=\"\" class=\"wp-image-385\"\/><\/figure>\n","protected":false},"excerpt":{"rendered":"<p>Norv\u00e9gi\u00e1ban az iskola nem szervez t\u00f6bb napos oszt\u00e1lykir\u00e1ndul\u00e1st, mint otthon Magyarorsz\u00e1gon. Legal\u00e1bbis az \u00e1ltal\u00e1nos \u00e9s az als\u00f3 k\u00f6z\u00e9piskol\u00e1ban csak egy napos kir\u00e1ndul\u00e1sokra mennek. Norm\u00f3\u00e9kn\u00e1l, a szok\u00e1sos \u00e9vi kenut\u00far\u00e1t is a sz\u00fcl\u0151k szokt\u00e1k szervezni a gyerekeknek. Id\u00e9n Panka \u00e9s Norm\u00f3 is utols\u00f3 \u00e9ves a sulij\u00e1ban. Ilyenkor az a szok\u00e1s, hogy a gyerekek t\u00f6bb napos kir\u00e1ndul\u00e1sra mennek. [&hellip;]<\/p>\n","protected":false},"author":2,"featured_media":0,"comment_status":"open","ping_status":"open","sticky":false,"template":"","format":"standard","meta":{"footnotes":""},"categories":[1],"tags":[],"class_list":["post-384","post","type-post","status-publish","format-standard","hentry","category-uncategorized"],"_links":{"self":[{"href":"https:\/\/hellonorvegia.devengo.hu\/index.php?rest_route=\/wp\/v2\/posts\/384","targetHints":{"allow":["GET"]}}],"collection":[{"href":"https:\/\/hellonorvegia.devengo.hu\/index.php?rest_route=\/wp\/v2\/posts"}],"about":[{"href":"https:\/\/hellonorvegia.devengo.hu\/index.php?rest_route=\/wp\/v2\/types\/post"}],"author":[{"embeddable":true,"href":"https:\/\/hellonorvegia.devengo.hu\/index.php?rest_route=\/wp\/v2\/users\/2"}],"replies":[{"embeddable":true,"href":"https:\/\/hellonorvegia.devengo.hu\/index.php?rest_route=%2Fwp%2Fv2%2Fcomments&post=384"}],"version-history":[{"count":2,"href":"https:\/\/hellonorvegia.devengo.hu\/index.php?rest_route=\/wp\/v2\/posts\/384\/revisions"}],"predecessor-version":[{"id":387,"href":"https:\/\/hellonorvegia.devengo.hu\/index.php?rest_route=\/wp\/v2\/posts\/384\/revisions\/387"}],"wp:attachment":[{"href":"https:\/\/hellonorvegia.devengo.hu\/index.php?rest_route=%2Fwp%2Fv2%2Fmedia&parent=384"}],"wp:term":[{"taxonomy":"category","embeddable":true,"href":"https:\/\/hellonorvegia.devengo.hu\/index.php?rest_route=%2Fwp%2Fv2%2Fcategories&post=384"},{"taxonomy":"post_tag","embeddable":true,"href":"https:\/\/hellonorvegia.devengo.hu\/index.php?rest_route=%2Fwp%2Fv2%2Ftags&post=384"}],"curies":[{"name":"wp","href":"https:\/\/api.w.org\/{rel}","templated":true}]}}