{"id":389,"date":"2021-12-06T20:17:32","date_gmt":"2021-12-06T19:17:32","guid":{"rendered":"https:\/\/hellonorvegia.devengo.hu\/?p=389"},"modified":"2021-12-06T20:17:32","modified_gmt":"2021-12-06T19:17:32","slug":"all-i-want-for-christmas","status":"publish","type":"post","link":"https:\/\/hellonorvegia.devengo.hu\/?p=389","title":{"rendered":"All I want for Christmas\u2026"},"content":{"rendered":"\n<p>Jesszusom, de r\u00e9gen \u00edrtam m\u00e1r a blogomba. Pedig annyi minden t\u00f6rt\u00e9nt az elm\u00falt majdnem 2 h\u00f3napban. \u0150szi sz\u00fcnetben felrep\u00fclt\u00fcnk \u00e9szakra \u00e9s megn\u00e9zt\u00fck Lofotent. Mintha egy teljesen m\u00e1sik orsz\u00e1gba cs\u00f6ppent\u00fcnk volna. Hatalmas hegyek, gy\u00f6ny\u00f6r\u0171 homokos tengerpartok. Az egyetlen ami Norv\u00e9gi\u00e1ra eml\u00e9keztet az az es\u0151s id\u0151 volt. De ennek ellen\u00e9re im\u00e1dtuk minden perc\u00e9t, \u00e9s tuti, hogy m\u00e9g vissza fogunk j\u00f6nni erre a helyre.<\/p>\n\n\n\n<p>K\u00f6zben \u00fagy t\u0171nt, hogy lassan kezd minden visszat\u00e9rni a r\u00e9gi ker\u00e9kv\u00e1g\u00e1sba. Hetente egyszer-k\u00e9tszer bej\u00e1rtunk a munkahely\u00fcnkre. Koll\u00e9g\u00e1kkal bementem Osl\u00f3ba vacsor\u00e1zni, plusz volt egy 2 napos workshopunk, ahol az eg\u00e9sz csapatnak (kb 50 ember) szerveztek egy kar\u00e1csonyi vacsor\u00e1t. Ez m\u00e9g novemberben volt, \u00e9s a f\u0151n\u00f6k\u00f6k meg is mondt\u00e1k, hogy ink\u00e1bb most kor\u00e1n tartj\u00e1k meg a kar\u00e1csonyi vacsor\u00e1t, mert ki tudja mi lesz itt m\u00e9g decemberben.&nbsp;<\/p>\n\n\n\n<p>Akkor m\u00e1r az\u00e9rt sz\u00e9pen lehetett l\u00e1tni, hogy a sz\u00e1mok lassan emelkednek. El\u0151sz\u00f6r napi 1400, azt\u00e1n ugrottunk napi 2500-re \u00e9s most olyan napi 4300-n\u00e1l tartunk. A legt\u00f6bb fert\u0151z\u00f6tt a gyerekek k\u00f6z\u00f6tt van, meg most m\u00e1r a kar\u00e1csonyoz\u00f3-buliz\u00f3 feln\u0151ttek is felz\u00e1rk\u00f3ztak hozz\u00e1juk. K\u00f3rh\u00e1zban id\u00e1ig f\u0151k\u00e9nt az id\u0151sek \u00e9s az oltatlanok ker\u00fcltek.&nbsp;<\/p>\n\n\n\n<p>Panka \u00e9s Norm\u00f3 most m\u00e1r szinte minden h\u00e9ten hoz haza egy-egy tesztet, mert valaki a suliban a k\u00f6zvetlen k\u00f6rnyezet\u00fcnkbe koron\u00e1s lett. Ilyenkor a suliban kiosztanak a gyerekeknek gyorstesztet, \u00e9s mindenkinek otthon le kell mag\u00e1t tesztelnie. Visszaj\u00f6tt a maszk visel\u00e9se is. Legal\u00e1bb is boltokban, t\u00f6megk\u00f6zleked\u00e9sen \u00e9s taxiban er\u0151sen aj\u00e1nlott hordani.&nbsp;<\/p>\n\n\n\n<p>K\u00f6zben megj\u00f6tt Omikron \u00e9s a norv\u00e9gok megjelentek a vil\u00e1gsajt\u00f3ban, miut\u00e1n egy d\u00e9l-afrikai \u00e9rdekelts\u00e9g\u0171 c\u00e9g kar\u00e1csonyi partij\u00e1n egy csom\u00f3an megfert\u0151z\u0151dtek, igaz k\u00f6z\u00fcl\u00fck senki nem ker\u00fclt k\u00f3rh\u00e1zba. De miut\u00e1n megijedtek az \u00faj vari\u00e1nst\u00f3l a norv\u00e9gok is szigor\u00edtottak a karant\u00e9n szab\u00e1lyain. Ez azt jelenti, hogy ha k\u00f6zvetlen kapcsolatban volt\u00e1l omikronos koron\u00e1ssal, akkor olt\u00e1st\u00f3l f\u00fcggetlen\u00fcl neked is karant\u00e9nban kell lenned legal\u00e1bb egy h\u00e9tig. Sz\u00f3val az\u00f3ta befesz\u00fcltem, egy kicsit, mert ugye j\u00f6nn\u00e9nk haza, \u00e9s nagyon nem mindegy, hogy besz\u00edvjuk-e egy kis karant\u00e9nnal vagy betegs\u00e9ggel. Mindenesetre most m\u00e1r itt csapkod k\u00f6r\u00fcl\u00f6tt\u00fcnk. Jan\u00e1val mi ism\u00e9t full home office-ban vagyunk itthon. N\u00e1lunk a c\u00e9gn\u00e9l ha nagyon szeretn\u00e9m, akkor bemehetn\u00e9k az irod\u00e1ba, mert a csapat 50%-a bent lehet.&nbsp;<\/p>\n\n\n\n<p>Nem tartott sok\u00e1ig ez az \u00f6r\u00f6mk\u00f6d\u00e9s, \u00e9s \u00fajranyit\u00e1s. De legal\u00e1bb volt egy p\u00e1r h\u00f3napunk, ami egy kicsit eml\u00e9keztettet minket a j\u00e1rv\u00e1ny el\u0151tti \u00e9let\u00fcnkre. Most pedig szurkoljunk, hogy k\u00e9t h\u00e9t m\u00falva az legyen a legnagyobb gondom, hogy mit kell pakolni a b\u0151r\u00f6ndbe.&nbsp;<\/p>\n\n\n\n<figure class=\"wp-block-gallery columns-1 is-cropped wp-block-gallery-1 is-layout-flex wp-block-gallery-is-layout-flex\"><ul class=\"blocks-gallery-grid\"><li class=\"blocks-gallery-item\"><figure><img loading=\"lazy\" decoding=\"async\" width=\"4032\" height=\"3024\" src=\"https:\/\/hellonorvegia.devengo.hu\/wp-content\/uploads\/2021\/12\/IMG_6295.jpg\" alt=\"\" data-id=\"390\" data-link=\"https:\/\/hellonorvegia.devengo.hu\/?attachment_id=390\" class=\"wp-image-390\"\/><\/figure><\/li><\/ul><\/figure>\n","protected":false},"excerpt":{"rendered":"<p>Jesszusom, de r\u00e9gen \u00edrtam m\u00e1r a blogomba. Pedig annyi minden t\u00f6rt\u00e9nt az elm\u00falt majdnem 2 h\u00f3napban. \u0150szi sz\u00fcnetben felrep\u00fclt\u00fcnk \u00e9szakra \u00e9s megn\u00e9zt\u00fck Lofotent. Mintha egy teljesen m\u00e1sik orsz\u00e1gba cs\u00f6ppent\u00fcnk volna. Hatalmas hegyek, gy\u00f6ny\u00f6r\u0171 homokos tengerpartok. Az egyetlen ami Norv\u00e9gi\u00e1ra eml\u00e9keztet az az es\u0151s id\u0151 volt. De ennek ellen\u00e9re im\u00e1dtuk minden perc\u00e9t, \u00e9s tuti, hogy m\u00e9g [&hellip;]<\/p>\n","protected":false},"author":2,"featured_media":0,"comment_status":"open","ping_status":"open","sticky":false,"template":"","format":"standard","meta":{"footnotes":""},"categories":[1],"tags":[],"class_list":["post-389","post","type-post","status-publish","format-standard","hentry","category-uncategorized"],"_links":{"self":[{"href":"https:\/\/hellonorvegia.devengo.hu\/index.php?rest_route=\/wp\/v2\/posts\/389","targetHints":{"allow":["GET"]}}],"collection":[{"href":"https:\/\/hellonorvegia.devengo.hu\/index.php?rest_route=\/wp\/v2\/posts"}],"about":[{"href":"https:\/\/hellonorvegia.devengo.hu\/index.php?rest_route=\/wp\/v2\/types\/post"}],"author":[{"embeddable":true,"href":"https:\/\/hellonorvegia.devengo.hu\/index.php?rest_route=\/wp\/v2\/users\/2"}],"replies":[{"embeddable":true,"href":"https:\/\/hellonorvegia.devengo.hu\/index.php?rest_route=%2Fwp%2Fv2%2Fcomments&post=389"}],"version-history":[{"count":1,"href":"https:\/\/hellonorvegia.devengo.hu\/index.php?rest_route=\/wp\/v2\/posts\/389\/revisions"}],"predecessor-version":[{"id":391,"href":"https:\/\/hellonorvegia.devengo.hu\/index.php?rest_route=\/wp\/v2\/posts\/389\/revisions\/391"}],"wp:attachment":[{"href":"https:\/\/hellonorvegia.devengo.hu\/index.php?rest_route=%2Fwp%2Fv2%2Fmedia&parent=389"}],"wp:term":[{"taxonomy":"category","embeddable":true,"href":"https:\/\/hellonorvegia.devengo.hu\/index.php?rest_route=%2Fwp%2Fv2%2Fcategories&post=389"},{"taxonomy":"post_tag","embeddable":true,"href":"https:\/\/hellonorvegia.devengo.hu\/index.php?rest_route=%2Fwp%2Fv2%2Ftags&post=389"}],"curies":[{"name":"wp","href":"https:\/\/api.w.org\/{rel}","templated":true}]}}