{"id":393,"date":"2022-01-06T21:27:16","date_gmt":"2022-01-06T20:27:16","guid":{"rendered":"https:\/\/hellonorvegia.devengo.hu\/?p=393"},"modified":"2022-01-06T21:27:17","modified_gmt":"2022-01-06T20:27:17","slug":"megcsinaltuk-buek","status":"publish","type":"post","link":"https:\/\/hellonorvegia.devengo.hu\/?p=393","title":{"rendered":"Megcsin\u00e1ltuk! BU\u00c9K!"},"content":{"rendered":"\n<p>Siker\u00fclt! \u00d6r\u00f6mk\u00f6dve \u00f6leltem \u00e1t Jan\u00e1t, amikor haza\u00e9rt\u00fcnk norv\u00e9g otthonunkba. Ez az megcsin\u00e1ltuk, otthon voltunk kar\u00e1csonykor a csal\u00e1ddal, egy\u00fctt Szilveszterezt\u00fcnk a bar\u00e1tainkkal!&nbsp; Juhuuuu! A sok fesz\u00fclts\u00e9g, \u00e9s az agg\u00f3d\u00e1s ami bennem volt az elm\u00falt hetekben csak \u00fagy elillant. Pedig most a haza\u00fat, \u00e9s pl\u00e1ne a visszaj\u00f6vetel, nem kev\u00e9s szervez\u00e9st \u00e9s odafigyel\u00e9st ig\u00e9nyelt. Megvannak a pap\u00edrok? Regisztr\u00e1ltunk minden iratot a beutaz\u00e1shoz?&nbsp;<\/p>\n\n\n\n<p>Kezdj\u00fck a haza \u00fattal december 21-\u00e9n. Reggel 6-kor indult a g\u00e9p\u00fcnk, ami az jelentette, hogy \u00e9jjel 2.30-kor indultunk ki kocsival a rept\u00e9rre. N\u00e9gykor a b\u0151r\u00f6nd felad\u00e1sn\u00e1l, m\u00e1r hatalmas sor v\u00e1rt minket. Na, ott fesz\u00fcltem be el\u0151sz\u00f6r, hogy le ne k\u00e9ss\u00fck a g\u00e9pet. T\u00f6bb mint egy \u00f3ra sorban\u00e1ll\u00e1s ut\u00e1n mehett\u00fcnk v\u00e9gre a g\u00e9phez. Az\u00e9rt a biztons\u00e1gi ellen\u0151rz\u00e9sen a Pank\u00e1t kikapt\u00e1k, meg a csomagj\u00e1t is, mert elfelejtette kitenni az iPadet. \u00c9n persze t\u0171k\u00f6n \u00fcltem, hogy menj\u00fcnk m\u00e1r a kapuhoz. Azt\u00e1n \u00e1tsz\u00e1ll\u00e1s Frankfurtban. Gyerekeknek k\u00f6zben digit\u00e1lis oktat\u00e1s, amit gyorsan lenyomtak a rept\u00e9ren. D\u00e9lut\u00e1n 2-kor v\u00e9gre Bpesten voltunk. Anyu kij\u00f6tt el\u00e9nk a D\u00e9li pu-ra egy gyors \u00f6lel\u00e9sre. M\u00e1snapt\u00f3l pedig m\u00e1r vel\u00fcnk volt egy j\u00f3 p\u00e1r napig. \ud83d\ude42&nbsp; 24-\u00e9t egy\u00fctt t\u00f6lt\u00f6tt\u00fck Anyuval, \u00e9s Any\u00f3som\u00e9kkal. Azt\u00e1n a t\u00f6bbi napokon v\u00e9gre tal\u00e1lkozhattunk a csal\u00e1d t\u00f6bbi tagjaival, Andris\u00e9kkal \u00e9s Atti\u00e9kkal B\u00e9csben.<\/p>\n\n\n\n<p>Olyan hamar szaladtak a napok, hogy egyszer csak m\u00e1r azon kaptam magam, hogy k\u00e9sz\u00fcl\u00fcnk a szilveszteri bulira. De j\u00f3 is volt! Azt\u00e1n vas\u00e1rnap egy gyors \u00f6sszepakol\u00e1s, h\u00e1z kitakar\u00edt\u00e1sa, \u00e9s h\u00e9tf\u0151n m\u00e1r rep\u00fclt\u00fcnk is vissza Norv\u00e9gi\u00e1ba.<\/p>\n\n\n\n<p>Haza\u00fat janu\u00e1r 3-\u00e1n: Frankfurtig minden sim\u00e1n ment. 3,5 \u00f3r\u00e1nk volt ism\u00e9t az \u00e1tsz\u00e1ll\u00e1sig. Eb\u00e9delt\u00fcnk, azt\u00e1n egy relax helyen pihent\u00fcnk l\u00e1btart\u00f3s \u00fcl\u00e9seken. D\u00e9lut\u00e1n 4-kor kellett volna indulnia a g\u00e9pnek, lett bel\u0151le d\u00e9lut\u00e1n 5 \u00f3ra. Lesz\u00e1lltunk 18.45-kor, de a repteret v\u00e9g\u00fcl 20.45-kor tudtuk elhagyni. Csekkolj\u00e1k bel\u00e9p\u00e9skor a dokumentumokat, majd mindenki mehet gyorstesztre. Hozz\u00e1teszem, nagyon kir\u00e1lyul meg van szervezve QR k\u00f3dokkal, meg&nbsp; mindennel, de akkor f\u00e1radtan nem ezt \u00e9reztem, hanem azt, hogy menj\u00fcnk m\u00e1r haza.&nbsp;<\/p>\n\n\n\n<p>Persze el\u0151tte m\u00e9g ki vakartuk a kocsit a h\u00f3b\u00f3l \u00e9s v\u00e9g\u00fcl este 11 fele haza is \u00e9rt\u00fcnk.&nbsp;<\/p>\n\n\n\n<p>Az otthoni 15 fokos meleg ut\u00e1n kellett egy p\u00e1r nap mire vissza szoktunk a -6-7 fokos, havas id\u0151be. De h\u00e1t t\u00e9l van, \u00e9s v\u00e9gre mehet\u00fcnk ism\u00e9t s\u00edelni \u00e9s sz\u00e1nk\u00f3zni.\u00a0<\/p>\n\n\n\n<figure class=\"wp-block-gallery columns-1 is-cropped wp-block-gallery-1 is-layout-flex wp-block-gallery-is-layout-flex\"><ul class=\"blocks-gallery-grid\"><li class=\"blocks-gallery-item\"><figure><img loading=\"lazy\" decoding=\"async\" width=\"1350\" height=\"1800\" src=\"https:\/\/hellonorvegia.devengo.hu\/wp-content\/uploads\/2022\/01\/IMG_6795.jpg\" alt=\"\" data-id=\"394\" data-link=\"https:\/\/hellonorvegia.devengo.hu\/?attachment_id=394\" class=\"wp-image-394\"\/><\/figure><\/li><\/ul><\/figure>\n","protected":false},"excerpt":{"rendered":"<p>Siker\u00fclt! \u00d6r\u00f6mk\u00f6dve \u00f6leltem \u00e1t Jan\u00e1t, amikor haza\u00e9rt\u00fcnk norv\u00e9g otthonunkba. Ez az megcsin\u00e1ltuk, otthon voltunk kar\u00e1csonykor a csal\u00e1ddal, egy\u00fctt Szilveszterezt\u00fcnk a bar\u00e1tainkkal!&nbsp; Juhuuuu! A sok fesz\u00fclts\u00e9g, \u00e9s az agg\u00f3d\u00e1s ami bennem volt az elm\u00falt hetekben csak \u00fagy elillant. Pedig most a haza\u00fat, \u00e9s pl\u00e1ne a visszaj\u00f6vetel, nem kev\u00e9s szervez\u00e9st \u00e9s odafigyel\u00e9st ig\u00e9nyelt. Megvannak a pap\u00edrok? Regisztr\u00e1ltunk [&hellip;]<\/p>\n","protected":false},"author":2,"featured_media":0,"comment_status":"open","ping_status":"open","sticky":false,"template":"","format":"standard","meta":{"footnotes":""},"categories":[1],"tags":[],"class_list":["post-393","post","type-post","status-publish","format-standard","hentry","category-uncategorized"],"_links":{"self":[{"href":"https:\/\/hellonorvegia.devengo.hu\/index.php?rest_route=\/wp\/v2\/posts\/393","targetHints":{"allow":["GET"]}}],"collection":[{"href":"https:\/\/hellonorvegia.devengo.hu\/index.php?rest_route=\/wp\/v2\/posts"}],"about":[{"href":"https:\/\/hellonorvegia.devengo.hu\/index.php?rest_route=\/wp\/v2\/types\/post"}],"author":[{"embeddable":true,"href":"https:\/\/hellonorvegia.devengo.hu\/index.php?rest_route=\/wp\/v2\/users\/2"}],"replies":[{"embeddable":true,"href":"https:\/\/hellonorvegia.devengo.hu\/index.php?rest_route=%2Fwp%2Fv2%2Fcomments&post=393"}],"version-history":[{"count":1,"href":"https:\/\/hellonorvegia.devengo.hu\/index.php?rest_route=\/wp\/v2\/posts\/393\/revisions"}],"predecessor-version":[{"id":395,"href":"https:\/\/hellonorvegia.devengo.hu\/index.php?rest_route=\/wp\/v2\/posts\/393\/revisions\/395"}],"wp:attachment":[{"href":"https:\/\/hellonorvegia.devengo.hu\/index.php?rest_route=%2Fwp%2Fv2%2Fmedia&parent=393"}],"wp:term":[{"taxonomy":"category","embeddable":true,"href":"https:\/\/hellonorvegia.devengo.hu\/index.php?rest_route=%2Fwp%2Fv2%2Fcategories&post=393"},{"taxonomy":"post_tag","embeddable":true,"href":"https:\/\/hellonorvegia.devengo.hu\/index.php?rest_route=%2Fwp%2Fv2%2Ftags&post=393"}],"curies":[{"name":"wp","href":"https:\/\/api.w.org\/{rel}","templated":true}]}}